{"id":933,"date":"2014-02-14T23:34:53","date_gmt":"2014-02-14T23:34:53","guid":{"rendered":"http:\/\/turmlahnstein.wordpress.com\/?p=933"},"modified":"2014-02-14T23:34:53","modified_gmt":"2014-02-14T23:34:53","slug":"schwerer-stand-in-der-a-klasse","status":"publish","type":"post","link":"https:\/\/turm-lahnstein.de\/?p=933","title":{"rendered":"Schwerer Stand in der A-Klasse"},"content":{"rendered":"<p><img loading=\"lazy\" decoding=\"async\" class=\"alignleft size-thumbnail wp-image-68\" alt=\"friedhelm_col\" src=\"http:\/\/turmlahnstein.files.wordpress.com\/2012\/09\/friedhelm_col.jpg?w=150\" width=\"150\" height=\"146\" \/>Eine im vorigen Jahr aufgestiegene Mannschaft hat es oft auch im zweiten Jahr nach dem Aufstieg noch schwer in der h\u00f6heren Klasse. Diese Einsch\u00e4tzung kann die vierte Mannschaft des Schachvereins Turm Lahnstein zur Zeit best\u00e4tigen. V\u00f6llig neuformiert tritt sie in dieser Saison in der A-Klasse des Schachbezirks Rhein-Nahe an und hat sich auch nach sechs Runden an die Luft,die in der h\u00f6herklassigen Liga herrscht, noch nicht gew\u00f6hnt.<\/p>\n<p><!--more--><\/p>\n<p>Gegen die SSG G\u00fcls\/Niederfell II h\u00e4tte es fast zu den ersten Mannschaftspunkten gereicht, aber letztlich gingen die Schachfreunde vom Rhein-Lahn-Eck doch wieder leer aus. Kurt Sanner verbuchte einen vollen Punkt und neben Alexander Dranischnikow konnte auch der zehnj\u00e4hrige Lars Wei\u00dfenfels, der ersatzweise zu seinem ersten Einsatz in dieser Klasse kam, ein Remis erzielen.<\/p>\n<p>Das n\u00e4chste Spiel steht f\u00fcr die Mannschaft am 22. Februar bei der SSG Hunsr\u00fcck in Simmern an.<\/p>\n","protected":false},"excerpt":{"rendered":"<p>Eine im vorigen Jahr aufgestiegene Mannschaft hat es oft auch im zweiten Jahr nach dem Aufstieg noch schwer in der h\u00f6heren Klasse. Diese Einsch\u00e4tzung kann die vierte Mannschaft des Schachvereins [&hellip;]<\/p>\n","protected":false},"author":2,"featured_media":0,"comment_status":"open","ping_status":"open","sticky":false,"template":"","format":"standard","meta":{"footnotes":""},"categories":[32],"tags":[184,85,52],"_links":{"self":[{"href":"https:\/\/turm-lahnstein.de\/index.php?rest_route=\/wp\/v2\/posts\/933"}],"collection":[{"href":"https:\/\/turm-lahnstein.de\/index.php?rest_route=\/wp\/v2\/posts"}],"about":[{"href":"https:\/\/turm-lahnstein.de\/index.php?rest_route=\/wp\/v2\/types\/post"}],"author":[{"embeddable":true,"href":"https:\/\/turm-lahnstein.de\/index.php?rest_route=\/wp\/v2\/users\/2"}],"replies":[{"embeddable":true,"href":"https:\/\/turm-lahnstein.de\/index.php?rest_route=%2Fwp%2Fv2%2Fcomments&post=933"}],"version-history":[{"count":0,"href":"https:\/\/turm-lahnstein.de\/index.php?rest_route=\/wp\/v2\/posts\/933\/revisions"}],"wp:attachment":[{"href":"https:\/\/turm-lahnstein.de\/index.php?rest_route=%2Fwp%2Fv2%2Fmedia&parent=933"}],"wp:term":[{"taxonomy":"category","embeddable":true,"href":"https:\/\/turm-lahnstein.de\/index.php?rest_route=%2Fwp%2Fv2%2Fcategories&post=933"},{"taxonomy":"post_tag","embeddable":true,"href":"https:\/\/turm-lahnstein.de\/index.php?rest_route=%2Fwp%2Fv2%2Ftags&post=933"}],"curies":[{"name":"wp","href":"https:\/\/api.w.org\/{rel}","templated":true}]}}