{"id":926,"date":"2014-01-30T08:12:03","date_gmt":"2014-01-30T08:12:03","guid":{"rendered":"http:\/\/turmlahnstein.wordpress.com\/?p=926"},"modified":"2014-01-30T08:12:03","modified_gmt":"2014-01-30T08:12:03","slug":"erfolg-in-der-b-klasse","status":"publish","type":"post","link":"https:\/\/turm-lahnstein.de\/?p=926","title":{"rendered":"Erfolg in der B-Klasse"},"content":{"rendered":"<p><img loading=\"lazy\" decoding=\"async\" class=\"alignright size-thumbnail wp-image-68\" alt=\"friedhelm_col\" src=\"http:\/\/turmlahnstein.files.wordpress.com\/2012\/09\/friedhelm_col.jpg?w=150\" width=\"150\" height=\"146\" \/>Erfolgreich war die f\u00fcnfte Mannschaft des Schachvereins Turm Lahnstein beim ersten Auftritt im Jahre 2014. In der B-Klasse des Schachbezirks Rhein-Nahe behielt sie mit 3,5:0,5 gegen die SG G\u00fcls\/Niederfell III die Oberhand. <!--more-->Die f\u00fcnfte Vertretung der Rhein-Lahn-St\u00e4dter im Mannschaftsspielbetrieb setzt sich ausschlie\u00dflich aus Kindern zusammen, die zwischen zehn und dreizehn Jahren alt sind. Lars Wei\u00dfenfels, Niklas Herbel und Elsin Smakic gewannen ihre Partien und Martin Walzer steuerte ein Remis zum Gesamterfolg bei.<\/p>\n<p>Das n\u00e4chste Spiel steht f\u00fcr die Mannschaft am 15. Februar gegen den VfR Koblenz an.<\/p>\n","protected":false},"excerpt":{"rendered":"<p>Erfolgreich war die f\u00fcnfte Mannschaft des Schachvereins Turm Lahnstein beim ersten Auftritt im Jahre 2014. In der B-Klasse des Schachbezirks Rhein-Nahe behielt sie mit 3,5:0,5 gegen die SG G\u00fcls\/Niederfell III [&hellip;]<\/p>\n","protected":false},"author":2,"featured_media":0,"comment_status":"open","ping_status":"open","sticky":false,"template":"","format":"standard","meta":{"footnotes":""},"categories":[5,11],"tags":[99,96,52,101,109],"_links":{"self":[{"href":"https:\/\/turm-lahnstein.de\/index.php?rest_route=\/wp\/v2\/posts\/926"}],"collection":[{"href":"https:\/\/turm-lahnstein.de\/index.php?rest_route=\/wp\/v2\/posts"}],"about":[{"href":"https:\/\/turm-lahnstein.de\/index.php?rest_route=\/wp\/v2\/types\/post"}],"author":[{"embeddable":true,"href":"https:\/\/turm-lahnstein.de\/index.php?rest_route=\/wp\/v2\/users\/2"}],"replies":[{"embeddable":true,"href":"https:\/\/turm-lahnstein.de\/index.php?rest_route=%2Fwp%2Fv2%2Fcomments&post=926"}],"version-history":[{"count":0,"href":"https:\/\/turm-lahnstein.de\/index.php?rest_route=\/wp\/v2\/posts\/926\/revisions"}],"wp:attachment":[{"href":"https:\/\/turm-lahnstein.de\/index.php?rest_route=%2Fwp%2Fv2%2Fmedia&parent=926"}],"wp:term":[{"taxonomy":"category","embeddable":true,"href":"https:\/\/turm-lahnstein.de\/index.php?rest_route=%2Fwp%2Fv2%2Fcategories&post=926"},{"taxonomy":"post_tag","embeddable":true,"href":"https:\/\/turm-lahnstein.de\/index.php?rest_route=%2Fwp%2Fv2%2Ftags&post=926"}],"curies":[{"name":"wp","href":"https:\/\/api.w.org\/{rel}","templated":true}]}}