{"id":915,"date":"2014-01-16T07:36:48","date_gmt":"2014-01-16T07:36:48","guid":{"rendered":"http:\/\/turmlahnstein.wordpress.com\/?p=915"},"modified":"2014-01-16T07:36:48","modified_gmt":"2014-01-16T07:36:48","slug":"zwei-niederlagen-in-den-mannschaftskampfen","status":"publish","type":"post","link":"https:\/\/turm-lahnstein.de\/?p=915","title":{"rendered":"Zwei Niederlagen in den Mannschaftsk\u00e4mpfen"},"content":{"rendered":"<p><img loading=\"lazy\" decoding=\"async\" class=\"alignright size-thumbnail wp-image-68\" alt=\"friedhelm_col\" src=\"http:\/\/turmlahnstein.files.wordpress.com\/2012\/09\/friedhelm_col.jpg?w=150\" width=\"150\" height=\"146\" \/>Durch verschiedene Ausf\u00e4lle von Stammspielern hatten sowohl die erste wie die dritte Mannschaft des Schachvereins Turm Lahnstein in ihrer aktuellen Spielrunde mit Aufstellungsproblemen zu k\u00e4mpfen. In der ersten Mannschaft kamen beim Spiel der 1. Rheinland-Pfalz-Liga in Frankenthal gleich drei Ersatzspieler zum Einsatz. <!--more-->Die ambitionierten Pf\u00e4lzer lie\u00dfen sich nicht \u00fcberraschen und behielten mit 5,5 : 2,5 die Oberhand. Von der Lahnsteiner Stammbesetzung gewann Bujar Murati seine Partie und Dennis Sanner erk\u00e4mpfte sich \u00fcber die maximale Spieldauer von sechs Stunden ein Remis. Egor Dranischnikow, Stephan B\u00fcchner und Ralf Teichgr\u00e4ber verloren ihre Partie. Zwar gelang Tim Ronge beim ersten Spiel in dieser Klasse bereits der erste Sieg und auch die weiteren Ersatzspieler Peter Schreieck und Friedhelm Schneider schlugen sich wacker, hatten am Ende aber doch das Nachsehen.<\/p>\n<p>&nbsp;<\/p>\n<p>Die dritte Mannschaft musste in ihrem Kampf gegen den SC Einrich sogar auf einen Spieler verzichten, da auch von den Ersatzleuten keine ausreichende Zahl verf\u00fcgbar war. Mit diesem Handicap hie\u00df es am Ende 3 : 5 gegen die Rhein-Lahn-St\u00e4dter, die damit in der Bezirksliga auf den achten Platz von zehn Mannschaften zur\u00fcckfielen. Norbert Niechoi und Dr. Axel M\u00fcller sicherten sich ganze Punkte und Peter Ley sowie Michael Sefeloge spielen jeweils remis, was bei Verlustpartien durch Hans-Joachim Will, Dr. Michael Buch und Alina Usczeck das Gesamtergebnis ergab.<\/p>\n<p>&nbsp;<\/p>\n<p><a href=\"https:\/\/ssl-account.com\/sbrp-ergebnisdienst.de\/?p1=0:ee:R1-13-5\" target=\"_blank\" rel=\"noopener noreferrer\">[Ergebnisse 1. RPL]<\/a><\/p>\n<p><a href=\"http:\/\/www.ergebnisdienst.net\/2013_2014\/abfrage.php?liga=812_11\" target=\"_blank\" rel=\"noopener noreferrer\">[Ergebnisse Bezirksliga]<\/a><\/p>\n","protected":false},"excerpt":{"rendered":"<p>Durch verschiedene Ausf\u00e4lle von Stammspielern hatten sowohl die erste wie die dritte Mannschaft des Schachvereins Turm Lahnstein in ihrer aktuellen Spielrunde mit Aufstellungsproblemen zu k\u00e4mpfen. In der ersten Mannschaft kamen [&hellip;]<\/p>\n","protected":false},"author":2,"featured_media":0,"comment_status":"open","ping_status":"open","sticky":false,"template":"","format":"standard","meta":{"footnotes":""},"categories":[18,6,11],"tags":[28,111,185,74,199,180,161],"_links":{"self":[{"href":"https:\/\/turm-lahnstein.de\/index.php?rest_route=\/wp\/v2\/posts\/915"}],"collection":[{"href":"https:\/\/turm-lahnstein.de\/index.php?rest_route=\/wp\/v2\/posts"}],"about":[{"href":"https:\/\/turm-lahnstein.de\/index.php?rest_route=\/wp\/v2\/types\/post"}],"author":[{"embeddable":true,"href":"https:\/\/turm-lahnstein.de\/index.php?rest_route=\/wp\/v2\/users\/2"}],"replies":[{"embeddable":true,"href":"https:\/\/turm-lahnstein.de\/index.php?rest_route=%2Fwp%2Fv2%2Fcomments&post=915"}],"version-history":[{"count":0,"href":"https:\/\/turm-lahnstein.de\/index.php?rest_route=\/wp\/v2\/posts\/915\/revisions"}],"wp:attachment":[{"href":"https:\/\/turm-lahnstein.de\/index.php?rest_route=%2Fwp%2Fv2%2Fmedia&parent=915"}],"wp:term":[{"taxonomy":"category","embeddable":true,"href":"https:\/\/turm-lahnstein.de\/index.php?rest_route=%2Fwp%2Fv2%2Fcategories&post=915"},{"taxonomy":"post_tag","embeddable":true,"href":"https:\/\/turm-lahnstein.de\/index.php?rest_route=%2Fwp%2Fv2%2Ftags&post=915"}],"curies":[{"name":"wp","href":"https:\/\/api.w.org\/{rel}","templated":true}]}}