{"id":91,"date":"2012-10-10T11:23:34","date_gmt":"2012-10-10T11:23:34","guid":{"rendered":"http:\/\/turmlahnstein.wordpress.com\/?p=91"},"modified":"2012-10-10T11:23:34","modified_gmt":"2012-10-10T11:23:34","slug":"1-runde-des-vereinspokals","status":"publish","type":"post","link":"https:\/\/turm-lahnstein.de\/?p=91","title":{"rendered":"1. Runde des Vereinspokals"},"content":{"rendered":"<p><a href=\"https:\/\/turm-lahnstein.de\/wp-content\/uploads\/2012\/09\/pokal.jpg\"><img loading=\"lazy\" decoding=\"async\" class=\"alignright size-full wp-image-61\" title=\"Pokal\" src=\"https:\/\/turm-lahnstein.de\/wp-content\/uploads\/2012\/09\/pokal.jpg\" alt=\"\" width=\"118\" height=\"235\" \/><\/a>Die erste Runde des Vereinspokal ist gespielt. Trotz seines Rufes brachte der Wettbewerb bis jetzt keine \u00dcberraschungen.<\/p>\n<p>Ein kurzer Bericht des Turnierleiters:<\/p>\n<p><!--more--><\/p>\n<p>Die erste Runde ist beendet, \u00dcberraschungen gab es keine, obwohl Gerhard Reznik nach feiner Leistung seine Partie gegen Achim Michels Remis halten konnte. Diesem n\u00fctzte ein Mehrbauer in einem Endspiel mit ungleichfarbigen L\u00e4ufern wenig. Im Blitzen war dann aber Schluss mit lustig, 3:0 f\u00fcr den Favoriten. Von den anderen Partien habe ich nur mitbekommen, wie Kurt Sanner kurzen Prozess mit Elmar Wiskirchen macht.<\/p>\n<p><strong><span style=\"text-decoration:underline;\">Ergebnisse der 1. Runde:<\/span><\/strong><\/p>\n<p>Gerhard Reznik &#8211; Achim Michels \u00a0 \u00a0 \u00a0 \u00a0 \u00a0 \u00a0 \u00a0 \u00a0 \u00a0 \u00a0r \u00a0 \u00a0 \u00a0 \u00a0 \u00a00:3 Blitz<br \/>\nPeter Schreieck &#8211; Norbert Niechoj \u00a0 \u00a0 \u00a0 \u00a0 \u00a0 \u00a0 \u00a0 \u00a0 0:1<br \/>\nKurt Sanner &#8211; Elmar Wiskirchen \u00a0 \u00a0 \u00a0 \u00a0 \u00a0 \u00a0 \u00a0 \u00a0 \u00a0 1:0<br \/>\nMarkus M\u00fcller &#8211; Dr. Axel M\u00fcller \u00a0 \u00a0 \u00a0 \u00a0 \u00a0 \u00a0 \u00a0 \u00a0 \u00a01:0<\/p>\n<p><strong><span style=\"text-decoration:underline;\">Auslosung der 2. Runde:<\/span><\/strong><\/p>\n<p>Achim Michels &#8211; Norbert Niechoj<br \/>\nMarkus M\u00fcller &#8211; Kurt Sanner<\/p>\n<p>Die zweite Runde muss bis zum 9.11.2012 beendet sein. Der offizielle Beginn ist der 12. Oktober, wer an diesem Tag verhindert ist, muss sich selbst um einen Termin bem\u00fchen.<\/p>\n","protected":false},"excerpt":{"rendered":"<p>Die erste Runde des Vereinspokal ist gespielt. Trotz seines Rufes brachte der Wettbewerb bis jetzt keine \u00dcberraschungen. Ein kurzer Bericht des Turnierleiters:<\/p>\n","protected":false},"author":2,"featured_media":0,"comment_status":"open","ping_status":"open","sticky":false,"template":"","format":"standard","meta":{"footnotes":""},"categories":[10],"tags":[39,40,41,42],"_links":{"self":[{"href":"https:\/\/turm-lahnstein.de\/index.php?rest_route=\/wp\/v2\/posts\/91"}],"collection":[{"href":"https:\/\/turm-lahnstein.de\/index.php?rest_route=\/wp\/v2\/posts"}],"about":[{"href":"https:\/\/turm-lahnstein.de\/index.php?rest_route=\/wp\/v2\/types\/post"}],"author":[{"embeddable":true,"href":"https:\/\/turm-lahnstein.de\/index.php?rest_route=\/wp\/v2\/users\/2"}],"replies":[{"embeddable":true,"href":"https:\/\/turm-lahnstein.de\/index.php?rest_route=%2Fwp%2Fv2%2Fcomments&post=91"}],"version-history":[{"count":0,"href":"https:\/\/turm-lahnstein.de\/index.php?rest_route=\/wp\/v2\/posts\/91\/revisions"}],"wp:attachment":[{"href":"https:\/\/turm-lahnstein.de\/index.php?rest_route=%2Fwp%2Fv2%2Fmedia&parent=91"}],"wp:term":[{"taxonomy":"category","embeddable":true,"href":"https:\/\/turm-lahnstein.de\/index.php?rest_route=%2Fwp%2Fv2%2Fcategories&post=91"},{"taxonomy":"post_tag","embeddable":true,"href":"https:\/\/turm-lahnstein.de\/index.php?rest_route=%2Fwp%2Fv2%2Ftags&post=91"}],"curies":[{"name":"wp","href":"https:\/\/api.w.org\/{rel}","templated":true}]}}