{"id":889,"date":"2014-01-02T17:58:41","date_gmt":"2014-01-02T17:58:41","guid":{"rendered":"http:\/\/turmlahnstein.wordpress.com\/?p=889"},"modified":"2014-01-02T17:58:41","modified_gmt":"2014-01-02T17:58:41","slug":"jugend-rheinlandmeisterschaft-2014","status":"publish","type":"post","link":"https:\/\/turm-lahnstein.de\/?p=889","title":{"rendered":"Jugend-Rheinlandmeisterschaft 2014"},"content":{"rendered":"<p>Es war nicht lange Zeit sich weiter \u00fcber die frustrierende DVM Gedanken zu machen, denn am ersten\u00a0 Arbeitstag des neuen Jahres ging es mit den Jugend-Rheinlandmeisterschaften in Oberwesel weiter. <!--more--><br \/>Traditionsgem\u00e4\u00df beginnen die U14 \u2013 U18er Jahrg\u00e4nge mit einer Einzelrunde. Alle Lahnsteiner (Adrian Persch, Lukas Usczeck, Tim Ronge, Alina Usczeck und Sabrina Ley) in der oberen H\u00e4lfte gesetzt wurden ihrer Favoritenrolle gerecht und gewannen durch \u00fcberzeugende Angriffssiege. Morgen geht es mit einer Doppelrunde weiter. Am Samstag den 4.1.2014 starten dann auch die J\u00fcngeren Jahrg\u00e4nge mit unseren Spielern Nathalie Persch, Martin Walzer und Lars Wei\u00dfenfels. Wir dr\u00fccken die Daumen.<\/p>\n","protected":false},"excerpt":{"rendered":"<p>Es war nicht lange Zeit sich weiter \u00fcber die frustrierende DVM Gedanken zu machen, denn am ersten\u00a0 Arbeitstag des neuen Jahres ging es mit den Jugend-Rheinlandmeisterschaften in Oberwesel weiter.<\/p>\n","protected":false},"author":2,"featured_media":0,"comment_status":"open","ping_status":"open","sticky":false,"template":"","format":"standard","meta":{"footnotes":""},"categories":[148,24],"tags":[65,71,77,78,161],"_links":{"self":[{"href":"https:\/\/turm-lahnstein.de\/index.php?rest_route=\/wp\/v2\/posts\/889"}],"collection":[{"href":"https:\/\/turm-lahnstein.de\/index.php?rest_route=\/wp\/v2\/posts"}],"about":[{"href":"https:\/\/turm-lahnstein.de\/index.php?rest_route=\/wp\/v2\/types\/post"}],"author":[{"embeddable":true,"href":"https:\/\/turm-lahnstein.de\/index.php?rest_route=\/wp\/v2\/users\/2"}],"replies":[{"embeddable":true,"href":"https:\/\/turm-lahnstein.de\/index.php?rest_route=%2Fwp%2Fv2%2Fcomments&post=889"}],"version-history":[{"count":0,"href":"https:\/\/turm-lahnstein.de\/index.php?rest_route=\/wp\/v2\/posts\/889\/revisions"}],"wp:attachment":[{"href":"https:\/\/turm-lahnstein.de\/index.php?rest_route=%2Fwp%2Fv2%2Fmedia&parent=889"}],"wp:term":[{"taxonomy":"category","embeddable":true,"href":"https:\/\/turm-lahnstein.de\/index.php?rest_route=%2Fwp%2Fv2%2Fcategories&post=889"},{"taxonomy":"post_tag","embeddable":true,"href":"https:\/\/turm-lahnstein.de\/index.php?rest_route=%2Fwp%2Fv2%2Ftags&post=889"}],"curies":[{"name":"wp","href":"https:\/\/api.w.org\/{rel}","templated":true}]}}