{"id":887,"date":"2014-01-02T09:06:07","date_gmt":"2014-01-02T09:06:07","guid":{"rendered":"http:\/\/turmlahnstein.wordpress.com\/?p=887"},"modified":"2014-01-02T09:06:07","modified_gmt":"2014-01-02T09:06:07","slug":"deutsche-jugendmeisterschaft-abgebrochen","status":"publish","type":"post","link":"https:\/\/turm-lahnstein.de\/?p=887","title":{"rendered":"Deutsche Jugendmeisterschaft abgebrochen"},"content":{"rendered":"<p><img loading=\"lazy\" decoding=\"async\" class=\"alignleft size-thumbnail wp-image-68\" alt=\"friedhelm_col\" src=\"http:\/\/turmlahnstein.files.wordpress.com\/2012\/09\/friedhelm_col.jpg?w=150\" width=\"150\" height=\"146\" \/>In allen Sportarten ist die Teilnahme an einer Deutschen Meisterschaft etwas Besonderes, das in bleibender Erinnerung haftet. Die M\u00e4dchen des Schachvereins Turm Lahnstein haben es bereits zum zweiten Mal zu einer Deutschen Vierer-Meisterschaft f\u00fcr Vereinsmannschaften der Altersklasse U 14 geschafft, die zwischen Weihnachten und Silvester in der Jugendherberge Magdeburg stattfand.<!--more--> Dass dieser H\u00f6hepunkt \u00fcber ein spektakul\u00e4res Schachfestival mit Teilnehmern aus ganz Deutschland hinaus in 2013 noch aus einem anderen Grund einmalig blieb, hatte aber einen ungew\u00f6hnlichen Grund: Wegen einer Krankheitswelle musste die Veranstaltung nach vier von sieben Runden auf Empfehlung des Gesundheitsamtes Magdeburg abgebrochen werden, da ein Norovirus viele der jugendlichen Teilnehmerinnen und Betreuer niedergelegt hatte. Konsequenterweise beendete die ausrichtende Deutsche Schachjugend die Veranstaltung, da die Gesundheit nat\u00fcrlich vorgeht. Die Lahnsteiner Delegation mit vier Spielerinnen und den Betreuern blieb von der Krankheitswelle \u00fcberwiegend verschont, kam aber dann doch zwei Tage fr\u00fcher als geplant wieder zu Hause an.<\/p>\n<p>Sportlich war es bis dahin ordentlich gelaufen f\u00fcr die jungen Rhein-Lahn-St\u00e4dterinnen. Mit 4 : 4 Mannschaftspunkten und 8 Brettpunkten standen sie mit genau 50% der m\u00f6glichen Punkte im Mittelfeld der zwanzig Teilnehmer. Als gegnerische Mannschaften waren die SF Karlsruhe (Baden), der SV R\u00fcdersdorf (Brandenburg) und mit der SG Muldental Wilkau-Ha\u00dflach sowie der SG Leipzig gleich zwei s\u00e4chsische Vertreter in den vier Spielen gegen unser rheinland-pf\u00e4lzisches Team gelost worden. Alina Usczeck am ersten Brett sowie Gastspielerin Theresa Reitz (VfR Koblenz) waren mit je 2,5 Punkten aus vier Partien am Erfolgreichsten. Jennifer Rau stand ihnen mit zwei Punkten kaum nach, w\u00e4hrend Sabrina Ley bis dahin mit einem Punkt noch nicht zu ihrem Spiel gefunden hatte.<\/p>\n","protected":false},"excerpt":{"rendered":"<p>In allen Sportarten ist die Teilnahme an einer Deutschen Meisterschaft etwas Besonderes, das in bleibender Erinnerung haftet. Die M\u00e4dchen des Schachvereins Turm Lahnstein haben es bereits zum zweiten Mal zu [&hellip;]<\/p>\n","protected":false},"author":2,"featured_media":0,"comment_status":"open","ping_status":"open","sticky":false,"template":"","format":"standard","meta":{"footnotes":""},"categories":[150,11,148],"tags":[175,71,196,66,78,179],"_links":{"self":[{"href":"https:\/\/turm-lahnstein.de\/index.php?rest_route=\/wp\/v2\/posts\/887"}],"collection":[{"href":"https:\/\/turm-lahnstein.de\/index.php?rest_route=\/wp\/v2\/posts"}],"about":[{"href":"https:\/\/turm-lahnstein.de\/index.php?rest_route=\/wp\/v2\/types\/post"}],"author":[{"embeddable":true,"href":"https:\/\/turm-lahnstein.de\/index.php?rest_route=\/wp\/v2\/users\/2"}],"replies":[{"embeddable":true,"href":"https:\/\/turm-lahnstein.de\/index.php?rest_route=%2Fwp%2Fv2%2Fcomments&post=887"}],"version-history":[{"count":0,"href":"https:\/\/turm-lahnstein.de\/index.php?rest_route=\/wp\/v2\/posts\/887\/revisions"}],"wp:attachment":[{"href":"https:\/\/turm-lahnstein.de\/index.php?rest_route=%2Fwp%2Fv2%2Fmedia&parent=887"}],"wp:term":[{"taxonomy":"category","embeddable":true,"href":"https:\/\/turm-lahnstein.de\/index.php?rest_route=%2Fwp%2Fv2%2Fcategories&post=887"},{"taxonomy":"post_tag","embeddable":true,"href":"https:\/\/turm-lahnstein.de\/index.php?rest_route=%2Fwp%2Fv2%2Ftags&post=887"}],"curies":[{"name":"wp","href":"https:\/\/api.w.org\/{rel}","templated":true}]}}