{"id":88,"date":"2012-10-04T08:25:50","date_gmt":"2012-10-04T08:25:50","guid":{"rendered":"http:\/\/turmlahnstein.wordpress.com\/?p=88"},"modified":"2012-10-04T08:25:50","modified_gmt":"2012-10-04T08:25:50","slug":"reger-mannschaftsspielbetrieb","status":"publish","type":"post","link":"https:\/\/turm-lahnstein.de\/?p=88","title":{"rendered":"Reger Mannschaftsspielbetrieb"},"content":{"rendered":"<p><a href=\"https:\/\/turm-lahnstein.de\/wp-content\/uploads\/2012\/09\/friedhelm_col.jpg\"><img loading=\"lazy\" decoding=\"async\" class=\"alignleft size-full wp-image-68\" title=\"friedhelm_col\" src=\"https:\/\/turm-lahnstein.de\/wp-content\/uploads\/2012\/09\/friedhelm_col.jpg\" alt=\"\" width=\"254\" height=\"248\" \/><\/a>Auch im zweiten Spiel der Schach-Rheinlandliga zeigte sich die zweite Mannschaft des Schachvereins Turm Lahnstein von ihrer guten Seite. 5 : 3 hie\u00df es am Ende verdient gegen die zweite Mannschaft des SC Bendorf, die sich im Verlauf des ganzen Spieles in die Defensive gedr\u00e4ngt sah. Partiegewinne erzielten Adrian Persch, Thomas Buch, J\u00f6rg Kap und Werner Sonnhoff. Remisen steuerten Peter Schreieck und Friedhelm Schneider bei, so dass die zwei Niederlagen von Lukas Usczeck und Mathieu Voss zu verkraften waren.<br \/>\n<!--more--><br \/>\nEtwas ungl\u00fccklich verlief das Erstrundenspiel der vierten Mannschaft in der A-Klasse. Durch einen kurzfristigen Ausfall standen nur vier statt der ben\u00f6tigten f\u00fcnf Spieler zur Verf\u00fcgung, so dass von Anfang an einem 0 : 1 R\u00fcckstand hinterher zu laufen war. Schlie\u00dflich war eine 1,5:3,5 Niederlage beim SV Leideneck\/Hunsr\u00fcck nicht zu vermeiden, wobei Hans-Joachim Will einen Siegpunkt und Peter Ley ein Unentschieden zu verzeichnen hatten. Sabrina Ley und Nico Fuselbach zogen dieses mal gegen deutlich \u00e4ltere Gegner den K\u00fcrzeren.<\/p>\n","protected":false},"excerpt":{"rendered":"<p>Auch im zweiten Spiel der Schach-Rheinlandliga zeigte sich die zweite Mannschaft des Schachvereins Turm Lahnstein von ihrer guten Seite. 5 : 3 hie\u00df es am Ende verdient gegen die zweite [&hellip;]<\/p>\n","protected":false},"author":2,"featured_media":0,"comment_status":"open","ping_status":"open","sticky":false,"template":"","format":"standard","meta":{"footnotes":""},"categories":[32,11,26],"tags":[19,20,33,34,35,36,37,17,38],"_links":{"self":[{"href":"https:\/\/turm-lahnstein.de\/index.php?rest_route=\/wp\/v2\/posts\/88"}],"collection":[{"href":"https:\/\/turm-lahnstein.de\/index.php?rest_route=\/wp\/v2\/posts"}],"about":[{"href":"https:\/\/turm-lahnstein.de\/index.php?rest_route=\/wp\/v2\/types\/post"}],"author":[{"embeddable":true,"href":"https:\/\/turm-lahnstein.de\/index.php?rest_route=\/wp\/v2\/users\/2"}],"replies":[{"embeddable":true,"href":"https:\/\/turm-lahnstein.de\/index.php?rest_route=%2Fwp%2Fv2%2Fcomments&post=88"}],"version-history":[{"count":0,"href":"https:\/\/turm-lahnstein.de\/index.php?rest_route=\/wp\/v2\/posts\/88\/revisions"}],"wp:attachment":[{"href":"https:\/\/turm-lahnstein.de\/index.php?rest_route=%2Fwp%2Fv2%2Fmedia&parent=88"}],"wp:term":[{"taxonomy":"category","embeddable":true,"href":"https:\/\/turm-lahnstein.de\/index.php?rest_route=%2Fwp%2Fv2%2Fcategories&post=88"},{"taxonomy":"post_tag","embeddable":true,"href":"https:\/\/turm-lahnstein.de\/index.php?rest_route=%2Fwp%2Fv2%2Ftags&post=88"}],"curies":[{"name":"wp","href":"https:\/\/api.w.org\/{rel}","templated":true}]}}