{"id":852,"date":"2013-12-21T10:24:07","date_gmt":"2013-12-21T10:24:07","guid":{"rendered":"http:\/\/turmlahnstein.wordpress.com\/?p=852"},"modified":"2013-12-21T10:24:07","modified_gmt":"2013-12-21T10:24:07","slug":"weihachtsturnier","status":"publish","type":"post","link":"https:\/\/turm-lahnstein.de\/?p=852","title":{"rendered":"Weihachtsturnier"},"content":{"rendered":"<p><img loading=\"lazy\" decoding=\"async\" class=\"alignleft size-medium wp-image-859\" alt=\"mSefeloge\" src=\"https:\/\/turm-lahnstein.de\/wp-content\/uploads\/2013\/12\/msefeloge.jpg?w=225\" width=\"225\" height=\"300\" srcset=\"https:\/\/turm-lahnstein.de\/wp-content\/uploads\/2013\/12\/msefeloge.jpg 450w, https:\/\/turm-lahnstein.de\/wp-content\/uploads\/2013\/12\/msefeloge-225x300.jpg 225w\" sizes=\"(max-width: 225px) 100vw, 225px\" \/>Das vorletzte Event des Jahres fand traditionsgem\u00e4\u00df in der Pizzeria Pinocchio statt: Eine bunte Mischung aus Kindern, Jugendlichen und erfahrenen Schachspielern versammelte sich um das Jahr zu verabschieden.<\/p>\n<p>Um 16 Uhr gabt der Turnierleiter Michael Sefeloge die Bretter frei und es galt bis zum Abendessen fertig zu werden!<!--more--><\/p>\n<p>Die erste Vorentscheidung fiel in der 2. Runde: Dennis \u00fcbersah eine Verteidigung von Markus und musste sich mit einem Unentschieden zufrieden geben.<\/p>\n<p><img loading=\"lazy\" decoding=\"async\" class=\"aligncenter size-full wp-image-860\" alt=\"markus\" src=\"https:\/\/turm-lahnstein.de\/wp-content\/uploads\/2013\/12\/markus.jpg\" width=\"600\" height=\"450\" srcset=\"https:\/\/turm-lahnstein.de\/wp-content\/uploads\/2013\/12\/markus.jpg 600w, https:\/\/turm-lahnstein.de\/wp-content\/uploads\/2013\/12\/markus-300x225.jpg 300w\" sizes=\"(max-width: 600px) 100vw, 600px\" \/><\/p>\n<p>Letztendlich musste Dennis das ganze Turnier diesem R\u00fcckstand hinterherlaufen und auch wenn es in jeder Partie hin und her ging und lange noch nichts entschieden wurde, konnte Egor seinen knappen Vorsprung behalten. Dritter wurde Peter, der mit etwas weniger Pech mit 7 aus 7 Erster werden k\u00f6nnte!<\/p>\n<p>Wie immer haben die K\u00e4mpfe zwischen Gro\u00df und Klein f\u00fcr die meiste Aufmerksamkeit gesorgt: Hier setzt Lars Dr. M\u00fcller zu und Luca trotzt Nico, wie so oft setzten sich am Ende noch die Erfahreneren durch!<\/p>\n<p><img loading=\"lazy\" decoding=\"async\" class=\"aligncenter size-full wp-image-858\" alt=\"kleingegengross\" src=\"https:\/\/turm-lahnstein.de\/wp-content\/uploads\/2013\/12\/kleingegengross.jpg\" width=\"600\" height=\"450\" srcset=\"https:\/\/turm-lahnstein.de\/wp-content\/uploads\/2013\/12\/kleingegengross.jpg 600w, https:\/\/turm-lahnstein.de\/wp-content\/uploads\/2013\/12\/kleingegengross-300x225.jpg 300w\" sizes=\"(max-width: 600px) 100vw, 600px\" \/><\/p>\n<p>Bei der Siegerehrung hie\u00df es den Siegern des letztes Jahres zu huldigen. Dem Blitzmeister Dennis:<\/p>\n<p><a href=\"https:\/\/turm-lahnstein.de\/wp-content\/uploads\/2013\/12\/dennis.jpg\"><img loading=\"lazy\" decoding=\"async\" class=\"aligncenter size-full wp-image-856\" alt=\"dennis\" src=\"https:\/\/turm-lahnstein.de\/wp-content\/uploads\/2013\/12\/dennis.jpg\" width=\"309\" height=\"500\" srcset=\"https:\/\/turm-lahnstein.de\/wp-content\/uploads\/2013\/12\/dennis.jpg 309w, https:\/\/turm-lahnstein.de\/wp-content\/uploads\/2013\/12\/dennis-185x300.jpg 185w\" sizes=\"(max-width: 309px) 100vw, 309px\" \/><\/a>Dem Pokalsieger Ralf:<a href=\"https:\/\/turm-lahnstein.de\/wp-content\/uploads\/2013\/12\/ralf.jpg\"><img loading=\"lazy\" decoding=\"async\" class=\"aligncenter size-full wp-image-857\" alt=\"ralf\" src=\"https:\/\/turm-lahnstein.de\/wp-content\/uploads\/2013\/12\/ralf.jpg\" width=\"270\" height=\"500\" srcset=\"https:\/\/turm-lahnstein.de\/wp-content\/uploads\/2013\/12\/ralf.jpg 270w, https:\/\/turm-lahnstein.de\/wp-content\/uploads\/2013\/12\/ralf-162x300.jpg 162w\" sizes=\"(max-width: 270px) 100vw, 270px\" \/><\/a>Alina, die beim Weihnachtsturnier den Preis f\u00fcr den besten Jugendlichen gewann:<\/p>\n<p><a href=\"https:\/\/turm-lahnstein.de\/wp-content\/uploads\/2013\/12\/alina.jpg\"><img loading=\"lazy\" decoding=\"async\" class=\"aligncenter size-full wp-image-855\" alt=\"alina\" src=\"https:\/\/turm-lahnstein.de\/wp-content\/uploads\/2013\/12\/alina.jpg\" width=\"292\" height=\"500\" srcset=\"https:\/\/turm-lahnstein.de\/wp-content\/uploads\/2013\/12\/alina.jpg 292w, https:\/\/turm-lahnstein.de\/wp-content\/uploads\/2013\/12\/alina-175x300.jpg 175w\" sizes=\"(max-width: 292px) 100vw, 292px\" \/><\/a>Mit dem Sieger des Weihnachtsturniers<\/p>\n<p><a href=\"https:\/\/turm-lahnstein.de\/wp-content\/uploads\/2013\/12\/egor.jpg\"><img loading=\"lazy\" decoding=\"async\" class=\"aligncenter size-full wp-image-854\" alt=\"egor\" src=\"https:\/\/turm-lahnstein.de\/wp-content\/uploads\/2013\/12\/egor.jpg\" width=\"293\" height=\"500\" srcset=\"https:\/\/turm-lahnstein.de\/wp-content\/uploads\/2013\/12\/egor.jpg 293w, https:\/\/turm-lahnstein.de\/wp-content\/uploads\/2013\/12\/egor-176x300.jpg 176w\" sizes=\"(max-width: 293px) 100vw, 293px\" \/><\/a>war dieser Teil der Veranstaltung zum Gl\u00fcck vorbei und so ging es ans Eingemachte:<\/p>\n<p><a href=\"https:\/\/turm-lahnstein.de\/wp-content\/uploads\/2013\/12\/stefan.jpg\"><img loading=\"lazy\" decoding=\"async\" class=\"aligncenter size-full wp-image-853\" alt=\"stefan\" src=\"https:\/\/turm-lahnstein.de\/wp-content\/uploads\/2013\/12\/stefan.jpg\" width=\"600\" height=\"454\" srcset=\"https:\/\/turm-lahnstein.de\/wp-content\/uploads\/2013\/12\/stefan.jpg 600w, https:\/\/turm-lahnstein.de\/wp-content\/uploads\/2013\/12\/stefan-300x227.jpg 300w\" sizes=\"(max-width: 600px) 100vw, 600px\" \/><\/a><\/p>\n<p><strong>Ergebnisse:<\/strong><\/p>\n<table border=\"2\" cellspacing=\"2\" cellpadding=\"2\" bgcolor=\"#C0C0C0\">\n<tbody>\n<tr>\n<td colspan=\"9\">Rangliste: Stand nach der 7. Runde<\/td>\n<\/tr>\n<tr bgcolor=\"#00FF00\">\n<th>Rang<\/th>\n<th>Teilnehmer<\/th>\n<th>TWZ<\/th>\n<th>S<\/th>\n<th>R<\/th>\n<th>V<\/th>\n<th>Punkte<\/th>\n<th>Buchh<\/th>\n<th>SoBerg<\/th>\n<\/tr>\n<tr bgcolor=\"#00FFFF\">\n<td>1.<\/td>\n<td>Dranischnikow, Eg<\/td>\n<td>2330<\/td>\n<td>6<\/td>\n<td>1<\/td>\n<td>0<\/td>\n<td>6.5<\/td>\n<td>31.0<\/td>\n<td>28.00<\/td>\n<\/tr>\n<tr bgcolor=\"#00FFFF\">\n<td>2.<\/td>\n<td>Sanner, Dennis<\/td>\n<td>2297<\/td>\n<td>5<\/td>\n<td>2<\/td>\n<td>0<\/td>\n<td>6.0<\/td>\n<td>31.0<\/td>\n<td>25.50<\/td>\n<\/tr>\n<tr bgcolor=\"#00FFFF\">\n<td>3.<\/td>\n<td>Ley, Peter<\/td>\n<td>1929<\/td>\n<td>5<\/td>\n<td>0<\/td>\n<td>2<\/td>\n<td>5.0<\/td>\n<td>27.0<\/td>\n<td>14.50<\/td>\n<\/tr>\n<tr bgcolor=\"#00FFFF\">\n<td>4.<\/td>\n<td>M\u00fcller, Markus<\/td>\n<td>1725<\/td>\n<td>4<\/td>\n<td>1<\/td>\n<td>2<\/td>\n<td>4.5<\/td>\n<td>28.0<\/td>\n<td>17.00<\/td>\n<\/tr>\n<tr bgcolor=\"#00FFFF\">\n<td>5.<\/td>\n<td>Teichgr\u00e4ber, Ralf<\/td>\n<td>1905<\/td>\n<td>4<\/td>\n<td>1<\/td>\n<td>2<\/td>\n<td>4.5<\/td>\n<td>28.0<\/td>\n<td>15.75<\/td>\n<\/tr>\n<tr bgcolor=\"#00FFFF\">\n<td>6.<\/td>\n<td>Will, Hans-Joachi<\/td>\n<td>1706<\/td>\n<td>4<\/td>\n<td>1<\/td>\n<td>2<\/td>\n<td>4.5<\/td>\n<td>25.5<\/td>\n<td>15.50<\/td>\n<\/tr>\n<tr bgcolor=\"#00FFFF\">\n<td>7.<\/td>\n<td>Reznik, Gerhard<\/td>\n<td>1641<\/td>\n<td>4<\/td>\n<td>0<\/td>\n<td>3<\/td>\n<td>4.0<\/td>\n<td>32.5<\/td>\n<td>15.00<\/td>\n<\/tr>\n<tr bgcolor=\"#00FFFF\">\n<td>8.<\/td>\n<td>Schneider, Friedh<\/td>\n<td>2051<\/td>\n<td>4<\/td>\n<td>0<\/td>\n<td>3<\/td>\n<td>4.0<\/td>\n<td>32.0<\/td>\n<td>15.50<\/td>\n<\/tr>\n<tr bgcolor=\"#00FFFF\">\n<td>9.<\/td>\n<td>Usczeck, Alina<\/td>\n<td>1553<\/td>\n<td>3<\/td>\n<td>2<\/td>\n<td>2<\/td>\n<td>4.0<\/td>\n<td>26.5<\/td>\n<td>12.00<\/td>\n<\/tr>\n<tr bgcolor=\"#00FFFF\">\n<td>10.<\/td>\n<td>Niechoj, Norbert<\/td>\n<td>2040<\/td>\n<td>4<\/td>\n<td>0<\/td>\n<td>3<\/td>\n<td>4.0<\/td>\n<td>24.5<\/td>\n<td>12.00<\/td>\n<\/tr>\n<tr bgcolor=\"#00FFFF\">\n<td>11.<\/td>\n<td>Sanner,Kurt<\/td>\n<td>1709<\/td>\n<td>3<\/td>\n<td>1<\/td>\n<td>3<\/td>\n<td>3.5<\/td>\n<td>31.0<\/td>\n<td>12.25<\/td>\n<\/tr>\n<tr bgcolor=\"#00FFFF\">\n<td>12.<\/td>\n<td>Ley, Sabrina<\/td>\n<td>1487<\/td>\n<td>2<\/td>\n<td>3<\/td>\n<td>2<\/td>\n<td>3.5<\/td>\n<td>27.5<\/td>\n<td>13.00<\/td>\n<\/tr>\n<tr bgcolor=\"#00FFFF\">\n<td>13.<\/td>\n<td>Dr. M\u00fcller, Axel<\/td>\n<td>1510<\/td>\n<td>3<\/td>\n<td>1<\/td>\n<td>3<\/td>\n<td>3.5<\/td>\n<td>26.0<\/td>\n<td>9.25<\/td>\n<\/tr>\n<tr bgcolor=\"#00FFFF\">\n<td>14.<\/td>\n<td>Auras, Florian<\/td>\n<td>1687<\/td>\n<td>3<\/td>\n<td>1<\/td>\n<td>3<\/td>\n<td>3.5<\/td>\n<td>23.0<\/td>\n<td>8.75<\/td>\n<\/tr>\n<tr bgcolor=\"#00FFFF\">\n<td>15.<\/td>\n<td>Wei\u00dfenfels, Lars<\/td>\n<td>1109<\/td>\n<td>3<\/td>\n<td>0<\/td>\n<td>4<\/td>\n<td>3.0<\/td>\n<td>24.5<\/td>\n<td>7.00<\/td>\n<\/tr>\n<tr bgcolor=\"#00FFFF\">\n<td>16.<\/td>\n<td>Fuselbach, Nico<\/td>\n<td>1210<\/td>\n<td>3<\/td>\n<td>0<\/td>\n<td>4<\/td>\n<td>3.0<\/td>\n<td>22.0<\/td>\n<td>6.00<\/td>\n<\/tr>\n<tr bgcolor=\"#00FFFF\">\n<td>17.<\/td>\n<td>Nickel, Markus<\/td>\n<td>1159<\/td>\n<td>3<\/td>\n<td>0<\/td>\n<td>4<\/td>\n<td>3.0<\/td>\n<td>19.5<\/td>\n<td>5.00<\/td>\n<\/tr>\n<tr bgcolor=\"#00FFFF\">\n<td>18.<\/td>\n<td>Walzer, Martin<\/td>\n<td>913<\/td>\n<td>3<\/td>\n<td>0<\/td>\n<td>4<\/td>\n<td>3.0<\/td>\n<td>19.0<\/td>\n<td>5.00<\/td>\n<\/tr>\n<tr bgcolor=\"#00FFFF\">\n<td>19.<\/td>\n<td>Engelbrecht, Luca<\/td>\n<td>763<\/td>\n<td>3<\/td>\n<td>0<\/td>\n<td>4<\/td>\n<td>3.0<\/td>\n<td>18.5<\/td>\n<td>4.00<\/td>\n<\/tr>\n<tr bgcolor=\"#00FFFF\">\n<td>20.<\/td>\n<td>Wiskirchen, Elmar<\/td>\n<td>1117<\/td>\n<td>3<\/td>\n<td>0<\/td>\n<td>4<\/td>\n<td>3.0<\/td>\n<td>17.5<\/td>\n<td>3.00<\/td>\n<\/tr>\n<tr bgcolor=\"#00FFFF\">\n<td>21.<\/td>\n<td>Smakic, Elsin<\/td>\n<td>702<\/td>\n<td>2<\/td>\n<td>0<\/td>\n<td>5<\/td>\n<td>2.0<\/td>\n<td>19.5<\/td>\n<td>3.00<\/td>\n<\/tr>\n<tr bgcolor=\"#00FFFF\">\n<td>22.<\/td>\n<td>Smakic, Ismail<\/td>\n<td>701<\/td>\n<td>2<\/td>\n<td>0<\/td>\n<td>5<\/td>\n<td>2.0<\/td>\n<td>17.5<\/td>\n<td>1.00<\/td>\n<\/tr>\n<tr bgcolor=\"#00FFFF\">\n<td>23.<\/td>\n<td>Vekic, Tomislav<\/td>\n<td>700<\/td>\n<td>1<\/td>\n<td>0<\/td>\n<td>6<\/td>\n<td>1.0<\/td>\n<td>19.5<\/td>\n<td>0.00<\/td>\n<\/tr>\n<\/tbody>\n<\/table>\n","protected":false},"excerpt":{"rendered":"<p>Das vorletzte Event des Jahres fand traditionsgem\u00e4\u00df in der Pizzeria Pinocchio statt: Eine bunte Mischung aus Kindern, Jugendlichen und erfahrenen Schachspielern versammelte sich um das Jahr zu verabschieden. Um 16 [&hellip;]<\/p>\n","protected":false},"author":2,"featured_media":0,"comment_status":"open","ping_status":"open","sticky":false,"template":"","format":"standard","meta":{"footnotes":""},"categories":[10],"tags":[71,111,102,195,100,194,60,75,112],"_links":{"self":[{"href":"https:\/\/turm-lahnstein.de\/index.php?rest_route=\/wp\/v2\/posts\/852"}],"collection":[{"href":"https:\/\/turm-lahnstein.de\/index.php?rest_route=\/wp\/v2\/posts"}],"about":[{"href":"https:\/\/turm-lahnstein.de\/index.php?rest_route=\/wp\/v2\/types\/post"}],"author":[{"embeddable":true,"href":"https:\/\/turm-lahnstein.de\/index.php?rest_route=\/wp\/v2\/users\/2"}],"replies":[{"embeddable":true,"href":"https:\/\/turm-lahnstein.de\/index.php?rest_route=%2Fwp%2Fv2%2Fcomments&post=852"}],"version-history":[{"count":0,"href":"https:\/\/turm-lahnstein.de\/index.php?rest_route=\/wp\/v2\/posts\/852\/revisions"}],"wp:attachment":[{"href":"https:\/\/turm-lahnstein.de\/index.php?rest_route=%2Fwp%2Fv2%2Fmedia&parent=852"}],"wp:term":[{"taxonomy":"category","embeddable":true,"href":"https:\/\/turm-lahnstein.de\/index.php?rest_route=%2Fwp%2Fv2%2Fcategories&post=852"},{"taxonomy":"post_tag","embeddable":true,"href":"https:\/\/turm-lahnstein.de\/index.php?rest_route=%2Fwp%2Fv2%2Ftags&post=852"}],"curies":[{"name":"wp","href":"https:\/\/api.w.org\/{rel}","templated":true}]}}