{"id":807,"date":"2013-11-28T10:17:53","date_gmt":"2013-11-28T10:17:53","guid":{"rendered":"http:\/\/turmlahnstein.wordpress.com\/?p=807"},"modified":"2013-11-28T10:17:53","modified_gmt":"2013-11-28T10:17:53","slug":"manchmal-sind-auch-hohe-niederlagen-zu-verdauen","status":"publish","type":"post","link":"https:\/\/turm-lahnstein.de\/?p=807","title":{"rendered":"Manchmal sind auch hohe Niederlagen zu verdauen"},"content":{"rendered":"<p><img loading=\"lazy\" decoding=\"async\" class=\"alignright size-thumbnail wp-image-68\" alt=\"friedhelm_col\" src=\"http:\/\/turmlahnstein.files.wordpress.com\/2012\/09\/friedhelm_col.jpg?w=150\" width=\"150\" height=\"146\" \/>Eine hohe 2 : 6 Niederlage musste die dritte Mannschaft des Schachvereins Turm Lahnstein in der Bezirksliga gegen den SSC G\u00fcls\/Niederfell hinnehmen. Zumindest in dieser Deutlichkeit war dies nicht erwartet worden, aber manchmal l\u00e4uft es und manchmal halt nicht.<!--more--> Einen der letztgenannten Tage hatten leider die Lahnsteiner erwischt. Neben der einzigen Gewinnpartie durch Ersatzspieler Norbert Niechoj erzielten lediglich Dr. Michael Buch und Lukas Usczeck Remisen, w\u00e4hrend die komplette Restmannschaft mit Hans-Joachim Will, Alina Usczeck, Michael Sefeloge, Dr. Axel M\u00fcller und Alexander Dranischnikow jeweils den K\u00fcrzeren zog.<\/p>\n<p>Mit der j\u00fcngsten Mannschaft, die f\u00fcr den Lahnsteiner Verein jemals im Spielbetrieb der Erwachsenen mitwirkte, geht die f\u00fcnfte Mannschaft zur Zeit in der B-Klasse auf Punktesammlung. Der Altersdurchschnitt liegt bei zehneinhalb Jahren. Da kommt es auch mal vor, dass noch deftige Niederlagen zu verkraften sind. So ging es Lars Wei\u00dfenfels, Martin Walzer, Elsin Smakic sowie Luca Engelbrecht, der als einziger ein Remis holte, jetzt beim 0,5 : 3,5 gegen den SC Einrich III.\u00a0 Aber es kommen auch wieder erfolgreichere Tage!<\/p>\n","protected":false},"excerpt":{"rendered":"<p>Eine hohe 2 : 6 Niederlage musste die dritte Mannschaft des Schachvereins Turm Lahnstein in der Bezirksliga gegen den SSC G\u00fcls\/Niederfell hinnehmen. Zumindest in dieser Deutlichkeit war dies nicht erwartet [&hellip;]<\/p>\n","protected":false},"author":2,"featured_media":0,"comment_status":"open","ping_status":"open","sticky":false,"template":"","format":"standard","meta":{"footnotes":""},"categories":[5,6,11],"tags":[74,96,100,77,121,180],"_links":{"self":[{"href":"https:\/\/turm-lahnstein.de\/index.php?rest_route=\/wp\/v2\/posts\/807"}],"collection":[{"href":"https:\/\/turm-lahnstein.de\/index.php?rest_route=\/wp\/v2\/posts"}],"about":[{"href":"https:\/\/turm-lahnstein.de\/index.php?rest_route=\/wp\/v2\/types\/post"}],"author":[{"embeddable":true,"href":"https:\/\/turm-lahnstein.de\/index.php?rest_route=\/wp\/v2\/users\/2"}],"replies":[{"embeddable":true,"href":"https:\/\/turm-lahnstein.de\/index.php?rest_route=%2Fwp%2Fv2%2Fcomments&post=807"}],"version-history":[{"count":0,"href":"https:\/\/turm-lahnstein.de\/index.php?rest_route=\/wp\/v2\/posts\/807\/revisions"}],"wp:attachment":[{"href":"https:\/\/turm-lahnstein.de\/index.php?rest_route=%2Fwp%2Fv2%2Fmedia&parent=807"}],"wp:term":[{"taxonomy":"category","embeddable":true,"href":"https:\/\/turm-lahnstein.de\/index.php?rest_route=%2Fwp%2Fv2%2Fcategories&post=807"},{"taxonomy":"post_tag","embeddable":true,"href":"https:\/\/turm-lahnstein.de\/index.php?rest_route=%2Fwp%2Fv2%2Ftags&post=807"}],"curies":[{"name":"wp","href":"https:\/\/api.w.org\/{rel}","templated":true}]}}