{"id":767,"date":"2013-11-03T09:22:14","date_gmt":"2013-11-03T09:22:14","guid":{"rendered":"http:\/\/turmlahnstein.wordpress.com\/?p=767"},"modified":"2013-11-03T09:22:14","modified_gmt":"2013-11-03T09:22:14","slug":"lukas-usczeck-gewinnt-rhein-lahn-open-2013","status":"publish","type":"post","link":"https:\/\/turm-lahnstein.de\/?p=767","title":{"rendered":"Lukas Usczeck gewinnt Rhein-Lahn-Open 2013"},"content":{"rendered":"<p><img loading=\"lazy\" decoding=\"async\" class=\"alignright size-full wp-image-768\" alt=\"rlo2013\" src=\"https:\/\/turm-lahnstein.de\/wp-content\/uploads\/2013\/11\/rlo2013.jpg\" width=\"350\" height=\"185\" srcset=\"https:\/\/turm-lahnstein.de\/wp-content\/uploads\/2013\/11\/rlo2013.jpg 350w, https:\/\/turm-lahnstein.de\/wp-content\/uploads\/2013\/11\/rlo2013-300x159.jpg 300w\" sizes=\"(max-width: 350px) 100vw, 350px\" \/>Dieses Jahr fanden 46 schachbegeisterte Jugendliche ihren Weg in die neue Mensa der MDG. Die Lahnsteiner Hoffnungen lagen auf Lukas: Der 17-j\u00e4hrige hatte seine letzte Chance das Rhein-Lahn-Open zu gewinnen. Doch der Favorit lie\u00df es mit einem Remis erst mal ruhig angehen&#8230;<!--more--><\/p>\n<p>Daf\u00fcr durften zuerst andere Lahnsteiner vorne mitmischen: Martin Walzer, Markus Nickel\u00a0 und Nico Fuselbach hatten mit 2 aus 2 den besten Start aller Lahnsteiner. Erst nach 4 Runden kl\u00e4rt sich die Situation etwas &#8211; das Turnier hatte seinen ersten alleinigen F\u00fchrenden. Zur \u00dcberraschung vieler war es ein U12-Spieler: Felix R\u00f6sch zeigte keine Schw\u00e4che und musste erst in den Runden 5 und 6 gegen die &#8222;gro\u00dfen&#8220; Yannick Breuer und Lukas Usczeck die Segel streichen &#8211; doch da war der U12 Titel schon sicher!<\/p>\n<p>Aus Lahnsteiner Sicht lagen wir in jeder Altersklasse gut im Rennern: In der U18 waren Markus und Lukas abwechselnd in F\u00fchrung, in der U14 belegte Jennifer Rau st\u00e4ndig einen Treppchenplatz, in der U12 geh\u00f6rten Martin Walzer, Elsin Smakic und Luca Engelbrecht st\u00e4ndig zu den Verfolgern\u00a0 des &#8222;vorgelaufenen&#8220; F\u00fchrenden und\u00a0 Ismael Smakic f\u00fchrte das U10-Feld an.<\/p>\n<p>Die Taktik des verz\u00f6gerten Starts zahlte sich f\u00fcr Lukas aus: Eine Runde vor Schluss hatte er schon einen halben Punkt Vorsprung auf seine Verfolger und in der 7. Runde folgte , allein schon aus Symmetriegr\u00fcnden, ein Remis, das den Turniersieg absicherten.<\/p>\n<p>Damit ging nicht nur der Gesamtsieg sondern auch die U18-Wertung an den Lahnsteiner. Mit einem Punkt R\u00fcckstand folgte Markus als Zweiter in der Altersklasse.<\/p>\n<p>In der U16 sicherte sich Philipp Reitz hauchd\u00fcnn den ersten Platz vor dem favorisierten Yannick Breuer, der genau wie der erstplatzierte auf 5.5 Punkte kam. Nico hatte nach einem Durchh\u00e4nger in den Runden 5 und 6 nichts mit den vorderen Platzierungen zu tun.<\/p>\n<p>U14 wurde von Nikita Kirsch mit starken 5.5 Punkten gewonnen. Aus Lahnsteiner Sicht sorgte Jennifer mit 4.5 Punkten und dem 3. Platz f\u00fcr ein Highlight.<\/p>\n<p>U12 wurde souver\u00e4n von Felix R\u00f6sch gewonnen. Luca holte sich mit einem Endspurt nicht nur 4 Punkte sondern auch den zweiten Platz in der U12-Wertung!<\/p>\n<p>U10 und U8 waren fest in den H\u00e4nden der Sachfreunde Nickenich, die jeweils Pl\u00e4tze 1. und 2. belegte. Damit schlugen sie dem Ismael, Natalie und Tomislaw ein Schnippchen, die mit je 3 Punkten auf dem geteilten 3. Platz in der U10 landeten.<\/p>\n<p>Bei den 10 angetretenen Hobbyspielern schnitt David Paul am besten und holte 4 Punkte!<\/p>\n<p><a href=\"http:\/\/www.turm-lahnstein.de\/high\/Archiv\/2013\/rlo2013\/open_ergebnisse.html\" target=\"_blank\" rel=\"noopener noreferrer\">[Alle Ergebnisse]<\/a><\/p>\n","protected":false},"excerpt":{"rendered":"<p>Dieses Jahr fanden 46 schachbegeisterte Jugendliche ihren Weg in die neue Mensa der MDG. Die Lahnsteiner Hoffnungen lagen auf Lukas: Der 17-j\u00e4hrige hatte seine letzte Chance das Rhein-Lahn-Open zu gewinnen. [&hellip;]<\/p>\n","protected":false},"author":2,"featured_media":0,"comment_status":"open","ping_status":"open","sticky":false,"template":"","format":"standard","meta":{"footnotes":""},"categories":[70],"tags":[99,123,66,100,77,53,101,160,82],"_links":{"self":[{"href":"https:\/\/turm-lahnstein.de\/index.php?rest_route=\/wp\/v2\/posts\/767"}],"collection":[{"href":"https:\/\/turm-lahnstein.de\/index.php?rest_route=\/wp\/v2\/posts"}],"about":[{"href":"https:\/\/turm-lahnstein.de\/index.php?rest_route=\/wp\/v2\/types\/post"}],"author":[{"embeddable":true,"href":"https:\/\/turm-lahnstein.de\/index.php?rest_route=\/wp\/v2\/users\/2"}],"replies":[{"embeddable":true,"href":"https:\/\/turm-lahnstein.de\/index.php?rest_route=%2Fwp%2Fv2%2Fcomments&post=767"}],"version-history":[{"count":0,"href":"https:\/\/turm-lahnstein.de\/index.php?rest_route=\/wp\/v2\/posts\/767\/revisions"}],"wp:attachment":[{"href":"https:\/\/turm-lahnstein.de\/index.php?rest_route=%2Fwp%2Fv2%2Fmedia&parent=767"}],"wp:term":[{"taxonomy":"category","embeddable":true,"href":"https:\/\/turm-lahnstein.de\/index.php?rest_route=%2Fwp%2Fv2%2Fcategories&post=767"},{"taxonomy":"post_tag","embeddable":true,"href":"https:\/\/turm-lahnstein.de\/index.php?rest_route=%2Fwp%2Fv2%2Ftags&post=767"}],"curies":[{"name":"wp","href":"https:\/\/api.w.org\/{rel}","templated":true}]}}