{"id":757,"date":"2013-10-31T06:33:33","date_gmt":"2013-10-31T06:33:33","guid":{"rendered":"http:\/\/turmlahnstein.wordpress.com\/?p=757"},"modified":"2013-10-31T06:33:33","modified_gmt":"2013-10-31T06:33:33","slug":"ungewohnliches-ende-beim-mannschaftskampf","status":"publish","type":"post","link":"https:\/\/turm-lahnstein.de\/?p=757","title":{"rendered":"Ungew\u00f6hnliches Ende beim Mannschaftskampf"},"content":{"rendered":"<p>Vom Schachverein Turm Lahnstein waren am letzten Wochene<img loading=\"lazy\" decoding=\"async\" class=\"alignright size-thumbnail wp-image-68\" alt=\"friedhelm_col\" src=\"http:\/\/turmlahnstein.files.wordpress.com\/2012\/09\/friedhelm_col.jpg?w=150\" width=\"150\" height=\"146\" \/>nde mehrere Mannschaften im Einsatz. Zun\u00e4chst nahm das Spiel der dritten Mannschaft in der Bezirksliga ein ungew\u00f6hnliches Ende.<!--more--> Schon kurz nach Beginn des Wettkampfes an acht Brettern st\u00fcrzte ein Spieler der G\u00e4stemannschaft von der SG Pieroth Burg Layen\/Nahe ungl\u00fccklich auf der Treppe und musste ins Krankenhaus gebracht werden. Da nach diesem Ereignis sich keine rechte Spielfreude mehr einstellen wollte, wurde kurz darauf an allen Brettern Remis vereinbart, was f\u00fcr beide Mannschaften ein 4 : 4 Unentschieden bedeutete.<\/p>\n<p>Die reine Kinder- und Jugendmannschaft, die in der B-Klasse die f\u00fcnfte Mannschaft bildet, fand am selben Abend ein erfreuliches Resultat. Spielerisch gut aufgelegt und konzentriert gewannen Lars Wei\u00dfenfels, Niklas Herbel, Martin Walzer und Elsin Smakic ihre Partien, so dass f\u00fcr die Mannschaft ein 4 : 0 gegen den VfR Koblenz IX heraussprang.<\/p>\n","protected":false},"excerpt":{"rendered":"<p>Vom Schachverein Turm Lahnstein waren am letzten Wochenende mehrere Mannschaften im Einsatz. Zun\u00e4chst nahm das Spiel der dritten Mannschaft in der Bezirksliga ein ungew\u00f6hnliches Ende.<\/p>\n","protected":false},"author":2,"featured_media":0,"comment_status":"open","ping_status":"open","sticky":false,"template":"","format":"standard","meta":{"footnotes":""},"categories":[5,6,11],"tags":[99,52,101,109,61,56],"_links":{"self":[{"href":"https:\/\/turm-lahnstein.de\/index.php?rest_route=\/wp\/v2\/posts\/757"}],"collection":[{"href":"https:\/\/turm-lahnstein.de\/index.php?rest_route=\/wp\/v2\/posts"}],"about":[{"href":"https:\/\/turm-lahnstein.de\/index.php?rest_route=\/wp\/v2\/types\/post"}],"author":[{"embeddable":true,"href":"https:\/\/turm-lahnstein.de\/index.php?rest_route=\/wp\/v2\/users\/2"}],"replies":[{"embeddable":true,"href":"https:\/\/turm-lahnstein.de\/index.php?rest_route=%2Fwp%2Fv2%2Fcomments&post=757"}],"version-history":[{"count":0,"href":"https:\/\/turm-lahnstein.de\/index.php?rest_route=\/wp\/v2\/posts\/757\/revisions"}],"wp:attachment":[{"href":"https:\/\/turm-lahnstein.de\/index.php?rest_route=%2Fwp%2Fv2%2Fmedia&parent=757"}],"wp:term":[{"taxonomy":"category","embeddable":true,"href":"https:\/\/turm-lahnstein.de\/index.php?rest_route=%2Fwp%2Fv2%2Fcategories&post=757"},{"taxonomy":"post_tag","embeddable":true,"href":"https:\/\/turm-lahnstein.de\/index.php?rest_route=%2Fwp%2Fv2%2Ftags&post=757"}],"curies":[{"name":"wp","href":"https:\/\/api.w.org\/{rel}","templated":true}]}}