{"id":754,"date":"2013-10-28T07:32:57","date_gmt":"2013-10-28T07:32:57","guid":{"rendered":"http:\/\/turmlahnstein.wordpress.com\/?p=754"},"modified":"2013-10-28T07:32:57","modified_gmt":"2013-10-28T07:32:57","slug":"ein-schachintensives-wochenende-2","status":"publish","type":"post","link":"https:\/\/turm-lahnstein.de\/?p=754","title":{"rendered":"Ein schachintensives Wochenende"},"content":{"rendered":"<p><img loading=\"lazy\" decoding=\"async\" class=\"alignleft size-full wp-image-755\" alt=\"l5vfrR32013\" src=\"https:\/\/turm-lahnstein.de\/wp-content\/uploads\/2013\/10\/l5vfrr32013.jpg\" width=\"250\" height=\"203\" \/>Lahnsteiner Schachspieler waren an diesem Wochenende im Dauereinsatz, denn es standen 3 Mannschaftsspiele auf dem Programm. Den Start machten die Jugendlichen der 5. Mannschaft gegen VfR Koblenz, und was f\u00fcr einen!<!--more--><\/p>\n<p>Elsin \u00fcberrumpelte seinen Gegner schon in der Er\u00f6ffnung und feierte seinen ersten Sieg nachdem er schon in den letzten Runden mehrfach nahe dran war.\u00a0 Martin wollte seinem Kumpel im Nichts nachstehen und verwertete seinen Mehrbauern souver\u00e4n zu einem vollen Punkt. Als Marins Gegner seine Niederlage einsah, konnte Niklas sich \u00fcber einen Mehrturm und die Initiative freuen, so dass der dritte Punkt und damit der erste Saisonsieg schon klar waren. Gut so, weil auf dem ersten Brett war die Lage sehr un\u00fcbersichtlich &#8211; doch der Gegner von Lars w\u00e4hlte ohne lange zu \u00fcberlegen einen offensichtlichen Weg zum Gewinn&#8230; und landete in einer aussichtlosen Lage &#8211; 4:0!<\/p>\n<p><a href=\"http:\/\/www.ergebnisdienst.net\/2013_2014\/abfrage.php?liga=812_31\" target=\"_blank\" rel=\"noopener noreferrer\">[Ergebnisse B-Klasse]<\/a><\/p>\n<p>Beim Spiel der Dritten trat Schach schnell auf die zweite Stelle: Ein Spieler von SG Pieroth st\u00fcrzte schwer im Treppenhaus und musste ins Krankenhaus eingeliefert werden. Die gerade angefangenen Partien wurden allesamt Remis gegeben und damit das Spiel mit 4:4 beendet.<\/p>\n<p><a href=\"http:\/\/www.ergebnisdienst.net\/2013_2014\/abfrage.php?liga=812_11\" target=\"_blank\" rel=\"noopener noreferrer\">[Ergebnisse Bezirksliga]<\/a><\/p>\n<p>Am Sonntag musste sich unsere Zweite der zweiten Mannschaft des SK Altenkirchen knapp geschlagen geben: Den Siegen von Michael Sefeloge (der 3 Tage hintereinader Schach gespielt und 2.5 Punkte geholt hat!) und Werner folgten Remise von Gerhard, Sabrina und Florian &#8211; leider ein halber Punkt zu wenig um 3.5:4.5 zu verhindern.<\/p>\n<p><a href=\"https:\/\/ssl-account.com\/sbrp-ergebnisdienst.de\/index.php?p1=0:pa:RL2-13-2\" target=\"_blank\" rel=\"noopener noreferrer\">[Ergebnisse Rheinlandliga]<\/a><\/p>\n","protected":false},"excerpt":{"rendered":"<p>Lahnsteiner Schachspieler waren an diesem Wochenende im Dauereinsatz, denn es standen 3 Mannschaftsspiele auf dem Programm. Den Start machten die Jugendlichen der 5. Mannschaft gegen VfR Koblenz, und was f\u00fcr [&hellip;]<\/p>\n","protected":false},"author":2,"featured_media":0,"comment_status":"open","ping_status":"open","sticky":false,"template":"","format":"standard","meta":{"footnotes":""},"categories":[5,6,26],"tags":[99,138,59,52,101,60,109,78,190,191,56,94],"_links":{"self":[{"href":"https:\/\/turm-lahnstein.de\/index.php?rest_route=\/wp\/v2\/posts\/754"}],"collection":[{"href":"https:\/\/turm-lahnstein.de\/index.php?rest_route=\/wp\/v2\/posts"}],"about":[{"href":"https:\/\/turm-lahnstein.de\/index.php?rest_route=\/wp\/v2\/types\/post"}],"author":[{"embeddable":true,"href":"https:\/\/turm-lahnstein.de\/index.php?rest_route=\/wp\/v2\/users\/2"}],"replies":[{"embeddable":true,"href":"https:\/\/turm-lahnstein.de\/index.php?rest_route=%2Fwp%2Fv2%2Fcomments&post=754"}],"version-history":[{"count":0,"href":"https:\/\/turm-lahnstein.de\/index.php?rest_route=\/wp\/v2\/posts\/754\/revisions"}],"wp:attachment":[{"href":"https:\/\/turm-lahnstein.de\/index.php?rest_route=%2Fwp%2Fv2%2Fmedia&parent=754"}],"wp:term":[{"taxonomy":"category","embeddable":true,"href":"https:\/\/turm-lahnstein.de\/index.php?rest_route=%2Fwp%2Fv2%2Fcategories&post=754"},{"taxonomy":"post_tag","embeddable":true,"href":"https:\/\/turm-lahnstein.de\/index.php?rest_route=%2Fwp%2Fv2%2Ftags&post=754"}],"curies":[{"name":"wp","href":"https:\/\/api.w.org\/{rel}","templated":true}]}}