{"id":741,"date":"2013-10-04T13:39:00","date_gmt":"2013-10-04T13:39:00","guid":{"rendered":"http:\/\/turmlahnstein.wordpress.com\/?p=741"},"modified":"2013-10-04T13:39:00","modified_gmt":"2013-10-04T13:39:00","slug":"saisonauftakt-in-der-rheinland-pfalz-liga","status":"publish","type":"post","link":"https:\/\/turm-lahnstein.de\/?p=741","title":{"rendered":"Saisonauftakt in der Rheinland-Pfalz-Liga"},"content":{"rendered":"<p><img loading=\"lazy\" decoding=\"async\" class=\"alignleft size-thumbnail wp-image-68\" alt=\"friedhelm_col\" src=\"http:\/\/turmlahnstein.files.wordpress.com\/2012\/09\/friedhelm_col.jpg?w=150\" width=\"150\" height=\"146\" \/>Im ersten Spiel des neuen Spieljahres der Rheinland-Pfalz-Liga war die erste Mannschaft des Schachvereins Turm Lahnstein in der Landeshauptstadt bei den Schachfreunden Mainz zu Gast.<!--more-->Die Gastgeber gingen ambitioniert ans Werk aber die Rhein-Lahn-St\u00e4dter hielten an allen Brettern dagegen. Aber auch bei spannenden Partieverl\u00e4ufen schl\u00e4gt es am Ende in die eine oder andere Richtung aus und diesmal sollten die Punkte in Mainz bleiben. Das klare Ergebnis von 5,5 : 2,5 f\u00fcr Mainz ist etwas zu hoch ausgefallen, aber da mit Ralf Teichgr\u00e4ber nur ein Lahnsteiner Spieler seine Partie gewinnen konnte, war die Niederlage der Mannschaft gerechtfertigt. Remisen durch Dennis Sanner, Julian Hastrich und Stephan B\u00fcchner standen vier Niederlagen von Egor Dranischnikow, Marc Suderland, Adrian Persch und Julian Voss gegen\u00fcber.<\/p>\n<p>Die Saison ist frisch \u2013 Gelegenheit, Punkte zu sammeln, besteht noch ausreichend. Die n\u00e4chste Runde ist am 20. Oktober gegen SV Siershahn.<\/p>\n","protected":false},"excerpt":{"rendered":"<p>Im ersten Spiel des neuen Spieljahres der Rheinland-Pfalz-Liga war die erste Mannschaft des Schachvereins Turm Lahnstein in der Landeshauptstadt bei den Schachfreunden Mainz zu Gast.<\/p>\n","protected":false},"author":2,"featured_media":0,"comment_status":"open","ping_status":"open","sticky":false,"template":"","format":"standard","meta":{"footnotes":""},"categories":[18,11],"tags":[111,29,75,104,91],"_links":{"self":[{"href":"https:\/\/turm-lahnstein.de\/index.php?rest_route=\/wp\/v2\/posts\/741"}],"collection":[{"href":"https:\/\/turm-lahnstein.de\/index.php?rest_route=\/wp\/v2\/posts"}],"about":[{"href":"https:\/\/turm-lahnstein.de\/index.php?rest_route=\/wp\/v2\/types\/post"}],"author":[{"embeddable":true,"href":"https:\/\/turm-lahnstein.de\/index.php?rest_route=\/wp\/v2\/users\/2"}],"replies":[{"embeddable":true,"href":"https:\/\/turm-lahnstein.de\/index.php?rest_route=%2Fwp%2Fv2%2Fcomments&post=741"}],"version-history":[{"count":0,"href":"https:\/\/turm-lahnstein.de\/index.php?rest_route=\/wp\/v2\/posts\/741\/revisions"}],"wp:attachment":[{"href":"https:\/\/turm-lahnstein.de\/index.php?rest_route=%2Fwp%2Fv2%2Fmedia&parent=741"}],"wp:term":[{"taxonomy":"category","embeddable":true,"href":"https:\/\/turm-lahnstein.de\/index.php?rest_route=%2Fwp%2Fv2%2Fcategories&post=741"},{"taxonomy":"post_tag","embeddable":true,"href":"https:\/\/turm-lahnstein.de\/index.php?rest_route=%2Fwp%2Fv2%2Ftags&post=741"}],"curies":[{"name":"wp","href":"https:\/\/api.w.org\/{rel}","templated":true}]}}