{"id":727,"date":"2013-09-26T09:14:08","date_gmt":"2013-09-26T09:14:08","guid":{"rendered":"http:\/\/turmlahnstein.wordpress.com\/?p=727"},"modified":"2013-09-26T09:14:08","modified_gmt":"2013-09-26T09:14:08","slug":"knappe-niederlage-zum-saisonauftakt","status":"publish","type":"post","link":"https:\/\/turm-lahnstein.de\/?p=727","title":{"rendered":"Knappe Niederlage zum Saisonauftakt"},"content":{"rendered":"<p><img loading=\"lazy\" decoding=\"async\" class=\"alignleft size-thumbnail wp-image-68\" alt=\"friedhelm_col\" src=\"http:\/\/turmlahnstein.files.wordpress.com\/2012\/09\/friedhelm_col.jpg?w=150\" width=\"150\" height=\"146\" \/>Im ersten Spiel des neuen Spieljahres musste sich die dritte Mannschaft des Schachvereins Turm Lahnstein mit 3,5 : 4,5 beim SC Nast\u00e4tten I geschlagen bekennen.\u00a0 Etwas ersatzgeschw\u00e4cht konnte der Bezirksligakampf bis zuletzt offen gehalten werden. Peter Ley und Alexander Dranischnikow gewannen ihre Partien. Lukas Usczeck, Dr. Axel M\u00fcller und Elmar Wiskirchen erzielten je ein Remis. <!--more-->Da Hans-Joachim Will, Michael Sefeloge und Mathieu Voss ihre Partien verloren, reichte es\u00a0 nicht zum Unentschieden. Die Ausgeglichenheit dieser Spielklasse zeigte sich wie in der letzten Saison auch in der diesj\u00e4hrigen ersten Runde.<\/p>\n<p>Am gleichen Abend holte die f\u00fcnfte Mannschaft mit einem 2 : 2 gegen die SG G\u00fcls\/Niederfell III\u00a0 ihren ersten Punkt in der B-Klasse.\u00a0 Die Mannschaft setzt sich ausschlie\u00dflich aus Kindern zusammen, von denen der \u00e4lteste gerade dreizehn Jahre geworden ist.. \u00dcber Gewinnpunkte freuten sich Martin Walzer und Luca Engelbrecht. Niklas Herbel und Elsin Smakic werden ihre Punkte in den n\u00e4chsten Spielen sammeln. N\u00e4chste Gelegenheit f\u00fcr die Mannschaft besteht dazu am 26.Oktober.<\/p>\n","protected":false},"excerpt":{"rendered":"<p>Im ersten Spiel des neuen Spieljahres musste sich die dritte Mannschaft des Schachvereins Turm Lahnstein mit 3,5 : 4,5 beim SC Nast\u00e4tten I geschlagen bekennen.\u00a0 Etwas ersatzgeschw\u00e4cht konnte der Bezirksligakampf [&hellip;]<\/p>\n","protected":false},"author":2,"featured_media":0,"comment_status":"open","ping_status":"open","sticky":false,"template":"","format":"standard","meta":{"footnotes":""},"categories":[5,6,11],"tags":[184,185,144,99,96,100,77,101,186,109,83],"_links":{"self":[{"href":"https:\/\/turm-lahnstein.de\/index.php?rest_route=\/wp\/v2\/posts\/727"}],"collection":[{"href":"https:\/\/turm-lahnstein.de\/index.php?rest_route=\/wp\/v2\/posts"}],"about":[{"href":"https:\/\/turm-lahnstein.de\/index.php?rest_route=\/wp\/v2\/types\/post"}],"author":[{"embeddable":true,"href":"https:\/\/turm-lahnstein.de\/index.php?rest_route=\/wp\/v2\/users\/2"}],"replies":[{"embeddable":true,"href":"https:\/\/turm-lahnstein.de\/index.php?rest_route=%2Fwp%2Fv2%2Fcomments&post=727"}],"version-history":[{"count":0,"href":"https:\/\/turm-lahnstein.de\/index.php?rest_route=\/wp\/v2\/posts\/727\/revisions"}],"wp:attachment":[{"href":"https:\/\/turm-lahnstein.de\/index.php?rest_route=%2Fwp%2Fv2%2Fmedia&parent=727"}],"wp:term":[{"taxonomy":"category","embeddable":true,"href":"https:\/\/turm-lahnstein.de\/index.php?rest_route=%2Fwp%2Fv2%2Fcategories&post=727"},{"taxonomy":"post_tag","embeddable":true,"href":"https:\/\/turm-lahnstein.de\/index.php?rest_route=%2Fwp%2Fv2%2Ftags&post=727"}],"curies":[{"name":"wp","href":"https:\/\/api.w.org\/{rel}","templated":true}]}}