{"id":713,"date":"2013-09-21T20:45:15","date_gmt":"2013-09-21T20:45:15","guid":{"rendered":"http:\/\/turmlahnstein.wordpress.com\/?p=713"},"modified":"2013-09-21T20:45:15","modified_gmt":"2013-09-21T20:45:15","slug":"ein-remis-in-der-b-klasse","status":"publish","type":"post","link":"https:\/\/turm-lahnstein.de\/?p=713","title":{"rendered":"Ein Remis in der B-Klasse"},"content":{"rendered":"<p><img loading=\"lazy\" decoding=\"async\" class=\"alignright size-thumbnail wp-image-714\" alt=\"nikalsmartin\" src=\"https:\/\/turm-lahnstein.de\/wp-content\/uploads\/2013\/09\/nikalsmartin.jpg?w=112\" width=\"112\" height=\"150\" srcset=\"https:\/\/turm-lahnstein.de\/wp-content\/uploads\/2013\/09\/nikalsmartin.jpg 450w, https:\/\/turm-lahnstein.de\/wp-content\/uploads\/2013\/09\/nikalsmartin-225x300.jpg 225w\" sizes=\"(max-width: 112px) 100vw, 112px\" \/>Der Kampf der F\u00fcnften gegen die G\u00e4ste aus G\u00fcls\/Niederfell war die ganze Zeit sehr ausgeglichen: Ein klarer Sieg f\u00fcr Marin am zweiten Brett wurde durch einen nicht weniger klaren Erfolg der G\u00fclser am ersten Brett nivelliert.<!--more--> Die Partien von Luca und Elsin pendelten st\u00e4ndig hin und her, am Ende gewann Luca bei seinem Deb\u00fct im &#8222;Erwachsenenschach&#8220; etwas gl\u00fccklich, was jedoch am Ende durch ein wenig Pech von Elsin wieder ins Gleichgewicht gebracht wurde: 2 zu 2.<\/p>\n<p><a href=\"http:\/\/www.ergebnisdienst.net\/2013_2014\/mannschaftsblatt.php?verein=81205-5#sprung=81205-5\" target=\"_blank\" rel=\"noopener noreferrer\">[Ergebnisse]<\/a><\/p>\n<div id='gallery-1' class='gallery galleryid-713 gallery-columns-3 gallery-size-thumbnail'><figure class='gallery-item'>\n\t\t\t<div class='gallery-icon portrait'>\n\t\t\t\t<a href='https:\/\/turm-lahnstein.de\/?attachment_id=715'><img loading=\"lazy\" decoding=\"async\" width=\"150\" height=\"150\" src=\"https:\/\/turm-lahnstein.de\/wp-content\/uploads\/2013\/09\/elsin_luca-150x150.jpg\" class=\"attachment-thumbnail size-thumbnail\" alt=\"\" \/><\/a>\n\t\t\t<\/div><\/figure><figure class='gallery-item'>\n\t\t\t<div class='gallery-icon portrait'>\n\t\t\t\t<a href='https:\/\/turm-lahnstein.de\/?attachment_id=714'><img loading=\"lazy\" decoding=\"async\" width=\"150\" height=\"150\" src=\"https:\/\/turm-lahnstein.de\/wp-content\/uploads\/2013\/09\/nikalsmartin-150x150.jpg\" class=\"attachment-thumbnail size-thumbnail\" alt=\"\" \/><\/a>\n\t\t\t<\/div><\/figure>\n\t\t<\/div>\n\n","protected":false},"excerpt":{"rendered":"<p>Der Kampf der F\u00fcnften gegen die G\u00e4ste aus G\u00fcls\/Niederfell war die ganze Zeit sehr ausgeglichen: Ein klarer Sieg f\u00fcr Marin am zweiten Brett wurde durch einen nicht weniger klaren Erfolg [&hellip;]<\/p>\n","protected":false},"author":2,"featured_media":0,"comment_status":"open","ping_status":"open","sticky":false,"template":"","format":"standard","meta":{"footnotes":""},"categories":[5],"tags":[99,96,100,101],"_links":{"self":[{"href":"https:\/\/turm-lahnstein.de\/index.php?rest_route=\/wp\/v2\/posts\/713"}],"collection":[{"href":"https:\/\/turm-lahnstein.de\/index.php?rest_route=\/wp\/v2\/posts"}],"about":[{"href":"https:\/\/turm-lahnstein.de\/index.php?rest_route=\/wp\/v2\/types\/post"}],"author":[{"embeddable":true,"href":"https:\/\/turm-lahnstein.de\/index.php?rest_route=\/wp\/v2\/users\/2"}],"replies":[{"embeddable":true,"href":"https:\/\/turm-lahnstein.de\/index.php?rest_route=%2Fwp%2Fv2%2Fcomments&post=713"}],"version-history":[{"count":0,"href":"https:\/\/turm-lahnstein.de\/index.php?rest_route=\/wp\/v2\/posts\/713\/revisions"}],"wp:attachment":[{"href":"https:\/\/turm-lahnstein.de\/index.php?rest_route=%2Fwp%2Fv2%2Fmedia&parent=713"}],"wp:term":[{"taxonomy":"category","embeddable":true,"href":"https:\/\/turm-lahnstein.de\/index.php?rest_route=%2Fwp%2Fv2%2Fcategories&post=713"},{"taxonomy":"post_tag","embeddable":true,"href":"https:\/\/turm-lahnstein.de\/index.php?rest_route=%2Fwp%2Fv2%2Ftags&post=713"}],"curies":[{"name":"wp","href":"https:\/\/api.w.org\/{rel}","templated":true}]}}