{"id":7106,"date":"2026-03-16T08:04:56","date_gmt":"2026-03-16T08:04:56","guid":{"rendered":"https:\/\/turm-lahnstein.de\/?p=7106"},"modified":"2026-03-16T08:04:56","modified_gmt":"2026-03-16T08:04:56","slug":"3-mannschaft-bericht-zum-saisonende","status":"publish","type":"post","link":"https:\/\/turm-lahnstein.de\/?p=7106","title":{"rendered":"3.Mannschaft Bericht zum Saisonende"},"content":{"rendered":"\n<p><em>Bericht von Mannschaftsf\u00fchrer Achim Daniel<\/em><\/p>\n\n\n\n<p><\/p>\n\n\n\n<figure class=\"wp-block-image size-full\"><img loading=\"lazy\" decoding=\"async\" width=\"571\" height=\"304\" src=\"https:\/\/turm-lahnstein.de\/wp-content\/uploads\/2026\/03\/A-Klasse.png\" alt=\"\" class=\"wp-image-7107\" srcset=\"https:\/\/turm-lahnstein.de\/wp-content\/uploads\/2026\/03\/A-Klasse.png 571w, https:\/\/turm-lahnstein.de\/wp-content\/uploads\/2026\/03\/A-Klasse-300x160.png 300w\" sizes=\"(max-width: 571px) 100vw, 571px\" \/><\/figure>\n\n\n\n<p>Zu Beginn der zweiten Saisonh\u00e4lfte starteten wir von Platz 3 und ahnten nicht, in welch dramatischer Weise sich die anschlie\u00dfenden Spieltage entwickeln sollten.<\/p>\n\n\n\n<!--more-->\n\n\n\n<p>Nach einem klaren Sieg gegen den SC Hennweiler konnten wir den<\/p>\n\n\n\n<p>VfR-SC Koblenz ebenso klar geschlagen mit 3,5 : 1,5 hinter uns lassen.<\/p>\n\n\n\n<p>Das war schon mal eine kleine Sensation.<\/p>\n\n\n\n<p>Und ab da haben wir schon leichte Aufstiegsluft geschnuppert.<\/p>\n\n\n\n<p>Im letzten Gang traten wir dann mit Respekt gegen den Tabellen-Ersten, den SV G\u00fcls 1956 an. Wir trennten uns leistungsgerecht 2,5 : 2,5 unentschieden und verpassten die M\u00f6glichkeit zum Aufstieg nur um einen halben Brettpunkt.<\/p>\n\n\n\n<p>(Aufgrund von Personalmangel durfte sich in dieser Begegnung David Ponomarov beweisen und trug mit seinem Siegpunkt einen wesentlichen Beitrag zum Gesamtergebnis bei!)<\/p>\n\n\n\n<p>Was f\u00fcr eine spannende Saison!<\/p>\n\n\n\n<p>Gratulation an alle Spieler zum 2. Platz!<\/p>\n","protected":false},"excerpt":{"rendered":"<p>Bericht von Mannschaftsf\u00fchrer Achim Daniel Zu Beginn der zweiten Saisonh\u00e4lfte starteten wir von Platz 3 und ahnten nicht, in welch dramatischer Weise sich die anschlie\u00dfenden Spieltage entwickeln sollten.<\/p>\n","protected":false},"author":4,"featured_media":0,"comment_status":"open","ping_status":"open","sticky":false,"template":"","format":"standard","meta":{"footnotes":""},"categories":[1],"tags":[],"_links":{"self":[{"href":"https:\/\/turm-lahnstein.de\/index.php?rest_route=\/wp\/v2\/posts\/7106"}],"collection":[{"href":"https:\/\/turm-lahnstein.de\/index.php?rest_route=\/wp\/v2\/posts"}],"about":[{"href":"https:\/\/turm-lahnstein.de\/index.php?rest_route=\/wp\/v2\/types\/post"}],"author":[{"embeddable":true,"href":"https:\/\/turm-lahnstein.de\/index.php?rest_route=\/wp\/v2\/users\/4"}],"replies":[{"embeddable":true,"href":"https:\/\/turm-lahnstein.de\/index.php?rest_route=%2Fwp%2Fv2%2Fcomments&post=7106"}],"version-history":[{"count":1,"href":"https:\/\/turm-lahnstein.de\/index.php?rest_route=\/wp\/v2\/posts\/7106\/revisions"}],"predecessor-version":[{"id":7108,"href":"https:\/\/turm-lahnstein.de\/index.php?rest_route=\/wp\/v2\/posts\/7106\/revisions\/7108"}],"wp:attachment":[{"href":"https:\/\/turm-lahnstein.de\/index.php?rest_route=%2Fwp%2Fv2%2Fmedia&parent=7106"}],"wp:term":[{"taxonomy":"category","embeddable":true,"href":"https:\/\/turm-lahnstein.de\/index.php?rest_route=%2Fwp%2Fv2%2Fcategories&post=7106"},{"taxonomy":"post_tag","embeddable":true,"href":"https:\/\/turm-lahnstein.de\/index.php?rest_route=%2Fwp%2Fv2%2Ftags&post=7106"}],"curies":[{"name":"wp","href":"https:\/\/api.w.org\/{rel}","templated":true}]}}