{"id":7100,"date":"2026-03-12T10:30:03","date_gmt":"2026-03-12T10:30:03","guid":{"rendered":"https:\/\/turm-lahnstein.de\/?p=7100"},"modified":"2026-03-12T10:47:42","modified_gmt":"2026-03-12T10:47:42","slug":"pressebericht-sabrina-ley-fuer-ehrenamtliches-engagement-geehrt","status":"publish","type":"post","link":"https:\/\/turm-lahnstein.de\/?p=7100","title":{"rendered":"Pressebericht: Sabrina Ley f\u00fcr ehrenamtliches Engagement geehrt"},"content":{"rendered":"\n<figure class=\"wp-block-image size-full is-resized\"><img loading=\"lazy\" decoding=\"async\" width=\"254\" height=\"248\" src=\"https:\/\/turm-lahnstein.de\/wp-content\/uploads\/2012\/09\/friedhelm_col.jpg\" alt=\"\" class=\"wp-image-68\" style=\"width:194px;height:auto\"\/><\/figure>\n\n\n\n<p>Eine willkommene Abwechslung vom Spielbetrieb bildete die Sportlerehrung, die die Stadt Lahnstein gemeinsam mit dem Verband sporttreibender Vereine in der Stadthalle ausrichtete. Neben den Ehrungen f\u00fcr au\u00dfergew\u00f6hnliche sportliche Leistungen wurde in diesem Rahmen auch Sabrina Ley vom Schachverein Turm Lahnstein f\u00fcr ihre ehrenamtliche T\u00e4tigkeit auf Vereins- und Verbandsebene ausgezeichnet. Neben den Funkionen als Jugendtrainerin und Schriftf\u00fchrerin im Verein ist Sabrina auch Jugendleiterin des Schachbezirks Rhein-Nahe und als \u00dcbungsleiterin bei der Schachjugend Rheinland aktiv.<\/p>\n","protected":false},"excerpt":{"rendered":"<p>Eine willkommene Abwechslung vom Spielbetrieb bildete die Sportlerehrung, die die Stadt Lahnstein gemeinsam mit dem Verband sporttreibender Vereine in der Stadthalle ausrichtete. Neben den Ehrungen f\u00fcr au\u00dfergew\u00f6hnliche sportliche Leistungen wurde [&hellip;]<\/p>\n","protected":false},"author":4,"featured_media":0,"comment_status":"open","ping_status":"open","sticky":false,"template":"","format":"standard","meta":{"footnotes":""},"categories":[1],"tags":[],"_links":{"self":[{"href":"https:\/\/turm-lahnstein.de\/index.php?rest_route=\/wp\/v2\/posts\/7100"}],"collection":[{"href":"https:\/\/turm-lahnstein.de\/index.php?rest_route=\/wp\/v2\/posts"}],"about":[{"href":"https:\/\/turm-lahnstein.de\/index.php?rest_route=\/wp\/v2\/types\/post"}],"author":[{"embeddable":true,"href":"https:\/\/turm-lahnstein.de\/index.php?rest_route=\/wp\/v2\/users\/4"}],"replies":[{"embeddable":true,"href":"https:\/\/turm-lahnstein.de\/index.php?rest_route=%2Fwp%2Fv2%2Fcomments&post=7100"}],"version-history":[{"count":2,"href":"https:\/\/turm-lahnstein.de\/index.php?rest_route=\/wp\/v2\/posts\/7100\/revisions"}],"predecessor-version":[{"id":7105,"href":"https:\/\/turm-lahnstein.de\/index.php?rest_route=\/wp\/v2\/posts\/7100\/revisions\/7105"}],"wp:attachment":[{"href":"https:\/\/turm-lahnstein.de\/index.php?rest_route=%2Fwp%2Fv2%2Fmedia&parent=7100"}],"wp:term":[{"taxonomy":"category","embeddable":true,"href":"https:\/\/turm-lahnstein.de\/index.php?rest_route=%2Fwp%2Fv2%2Fcategories&post=7100"},{"taxonomy":"post_tag","embeddable":true,"href":"https:\/\/turm-lahnstein.de\/index.php?rest_route=%2Fwp%2Fv2%2Ftags&post=7100"}],"curies":[{"name":"wp","href":"https:\/\/api.w.org\/{rel}","templated":true}]}}