{"id":7098,"date":"2026-03-12T10:28:30","date_gmt":"2026-03-12T10:28:30","guid":{"rendered":"https:\/\/turm-lahnstein.de\/?p=7098"},"modified":"2026-03-12T10:28:30","modified_gmt":"2026-03-12T10:28:30","slug":"pressebericht-tabellenfuehrung-abgegeben","status":"publish","type":"post","link":"https:\/\/turm-lahnstein.de\/?p=7098","title":{"rendered":"Pressebericht: Tabellenf\u00fchrung abgegeben"},"content":{"rendered":"\n<figure class=\"wp-block-image size-full\"><img loading=\"lazy\" decoding=\"async\" width=\"254\" height=\"248\" src=\"https:\/\/turm-lahnstein.de\/wp-content\/uploads\/2012\/09\/friedhelm_col.jpg\" alt=\"\" class=\"wp-image-68\"\/><\/figure>\n\n\n\n<p>In der Bezirksliga traf die zweite Mannschaft des Schachvereins Turm Lahnstein als bisheriger Tabellenf\u00fchrer auf einen der beiden \u00e4rgsten Verfolger, den SC G\u00fcls. Die Lahnsteiner hatten in diesem wichtigen Spiel einige Aufstellungsprobleme, was aber den\u00a0 verdienten 4 : 2 Sieg der Moselaner nicht schm\u00e4lern soll. F\u00fcr Lahnstein gewann Thomas Buch eine kombinatorisch gepr\u00e4gte Partie und Stephan Meuer und Friedhelm Schneider erzielten jeweils ein Remis. Nach Niederlagen von Dilja Meuer und Peter Schreieck lag man mit 2 : 3 zur\u00fcck, so dass Kurt Sanner alles versuchte, in der letzten laufenden Partie noch auszugleichen. Letztlich landete er bei diesen Bem\u00fchungen aber in einem verlorenen Endspiel, so dass es 2 : 4 hie\u00df.<\/p>\n\n\n\n<!--more-->\n\n\n\n<p>Am selben Abend erk\u00e4mpfte sich die vierte Vertretung Lahnsteins in der B-Klasse ein 2 : 2 Unentschieden beim SC Nast\u00e4tten II. F\u00fcr Lahnstein gewannen Peter Ley und Christopher Ley ihre Partien, so dass die Niederlagen von David Prochnau und Zhang Hao Dong ausgeglichen waren und ein Unentschieden besiegelt wurde.&nbsp;&nbsp;&nbsp;&nbsp;<\/p>\n","protected":false},"excerpt":{"rendered":"<p>In der Bezirksliga traf die zweite Mannschaft des Schachvereins Turm Lahnstein als bisheriger Tabellenf\u00fchrer auf einen der beiden \u00e4rgsten Verfolger, den SC G\u00fcls. Die Lahnsteiner hatten in diesem wichtigen Spiel [&hellip;]<\/p>\n","protected":false},"author":4,"featured_media":0,"comment_status":"open","ping_status":"open","sticky":false,"template":"","format":"standard","meta":{"footnotes":""},"categories":[1],"tags":[],"_links":{"self":[{"href":"https:\/\/turm-lahnstein.de\/index.php?rest_route=\/wp\/v2\/posts\/7098"}],"collection":[{"href":"https:\/\/turm-lahnstein.de\/index.php?rest_route=\/wp\/v2\/posts"}],"about":[{"href":"https:\/\/turm-lahnstein.de\/index.php?rest_route=\/wp\/v2\/types\/post"}],"author":[{"embeddable":true,"href":"https:\/\/turm-lahnstein.de\/index.php?rest_route=\/wp\/v2\/users\/4"}],"replies":[{"embeddable":true,"href":"https:\/\/turm-lahnstein.de\/index.php?rest_route=%2Fwp%2Fv2%2Fcomments&post=7098"}],"version-history":[{"count":1,"href":"https:\/\/turm-lahnstein.de\/index.php?rest_route=\/wp\/v2\/posts\/7098\/revisions"}],"predecessor-version":[{"id":7099,"href":"https:\/\/turm-lahnstein.de\/index.php?rest_route=\/wp\/v2\/posts\/7098\/revisions\/7099"}],"wp:attachment":[{"href":"https:\/\/turm-lahnstein.de\/index.php?rest_route=%2Fwp%2Fv2%2Fmedia&parent=7098"}],"wp:term":[{"taxonomy":"category","embeddable":true,"href":"https:\/\/turm-lahnstein.de\/index.php?rest_route=%2Fwp%2Fv2%2Fcategories&post=7098"},{"taxonomy":"post_tag","embeddable":true,"href":"https:\/\/turm-lahnstein.de\/index.php?rest_route=%2Fwp%2Fv2%2Ftags&post=7098"}],"curies":[{"name":"wp","href":"https:\/\/api.w.org\/{rel}","templated":true}]}}