{"id":7057,"date":"2025-11-27T08:54:48","date_gmt":"2025-11-27T08:54:48","guid":{"rendered":"https:\/\/turm-lahnstein.de\/?p=7057"},"modified":"2025-11-27T08:56:20","modified_gmt":"2025-11-27T08:56:20","slug":"3-mannschaft-halbzeitbericht","status":"publish","type":"post","link":"https:\/\/turm-lahnstein.de\/?p=7057","title":{"rendered":"3.Mannschaft: Halbzeitbericht"},"content":{"rendered":"\n<p><em>Bericht von Mannschaftsf\u00fchrer Achim Daniel<\/em><\/p>\n\n\n\n<p>Nach mittlerweile drei Spieltagen steht die Mannschaft zur Saisonmitte zusammen mit dem SV G\u00fcls auf dem 3. Platz.<\/p>\n\n\n\n<figure class=\"wp-block-image\"><img decoding=\"async\" src=\"\" alt=\"\"\/><\/figure>\n\n\n\n<p>Nach einem sehr guten Start an den ersten beiden Spieltagen mu\u00dften wir uns am vergangenen Samstag erstmals knapp geschlagen geben.<\/p>\n\n\n\n<figure class=\"wp-block-image size-full\"><img loading=\"lazy\" decoding=\"async\" width=\"532\" height=\"302\" src=\"https:\/\/turm-lahnstein.de\/wp-content\/uploads\/2025\/11\/Bild1.png\" alt=\"\" class=\"wp-image-7059\" srcset=\"https:\/\/turm-lahnstein.de\/wp-content\/uploads\/2025\/11\/Bild1.png 532w, https:\/\/turm-lahnstein.de\/wp-content\/uploads\/2025\/11\/Bild1-300x170.png 300w\" sizes=\"(max-width: 532px) 100vw, 532px\" \/><\/figure>\n\n\n\n<p>Die SSG Hunsr\u00fcck II konnte mit 3 : 2 Brettpunkten als Sieger nach Hause fahren.<\/p>\n\n\n\n<!--more-->\n\n\n\n<p>Im Vergleich zur letzten Saison, in der organisationsbedingt die Spieler \u00f6fter mal aussetzen mu\u00dften, haben wir diesmal eine feste Stamm-Mannschaft.<\/p>\n\n\n\n<p>Bis jetzt konnten alle Teilnahmew\u00fcnsche der Spieler voll realisiert werden.<\/p>\n\n\n\n<p>Stellvertretend f\u00fcr die guten Leistungen aller Spieler sei hier Kurt Sanner erw\u00e4hnt. Er konnte sich und der Mannschaft 2 \/ 2 Siege sichern.<\/p>\n\n\n\n<p>Ich w\u00fcnsche uns f\u00fcr die zweite Saisonh\u00e4lfte weiterhin viel Erfolg!<\/p>\n\n\n\n<p>Achim Daniel<\/p>\n","protected":false},"excerpt":{"rendered":"<p>Bericht von Mannschaftsf\u00fchrer Achim Daniel Nach mittlerweile drei Spieltagen steht die Mannschaft zur Saisonmitte zusammen mit dem SV G\u00fcls auf dem 3. Platz. Nach einem sehr guten Start an den [&hellip;]<\/p>\n","protected":false},"author":4,"featured_media":0,"comment_status":"open","ping_status":"open","sticky":false,"template":"","format":"standard","meta":{"footnotes":""},"categories":[1],"tags":[],"_links":{"self":[{"href":"https:\/\/turm-lahnstein.de\/index.php?rest_route=\/wp\/v2\/posts\/7057"}],"collection":[{"href":"https:\/\/turm-lahnstein.de\/index.php?rest_route=\/wp\/v2\/posts"}],"about":[{"href":"https:\/\/turm-lahnstein.de\/index.php?rest_route=\/wp\/v2\/types\/post"}],"author":[{"embeddable":true,"href":"https:\/\/turm-lahnstein.de\/index.php?rest_route=\/wp\/v2\/users\/4"}],"replies":[{"embeddable":true,"href":"https:\/\/turm-lahnstein.de\/index.php?rest_route=%2Fwp%2Fv2%2Fcomments&post=7057"}],"version-history":[{"count":2,"href":"https:\/\/turm-lahnstein.de\/index.php?rest_route=\/wp\/v2\/posts\/7057\/revisions"}],"predecessor-version":[{"id":7060,"href":"https:\/\/turm-lahnstein.de\/index.php?rest_route=\/wp\/v2\/posts\/7057\/revisions\/7060"}],"wp:attachment":[{"href":"https:\/\/turm-lahnstein.de\/index.php?rest_route=%2Fwp%2Fv2%2Fmedia&parent=7057"}],"wp:term":[{"taxonomy":"category","embeddable":true,"href":"https:\/\/turm-lahnstein.de\/index.php?rest_route=%2Fwp%2Fv2%2Fcategories&post=7057"},{"taxonomy":"post_tag","embeddable":true,"href":"https:\/\/turm-lahnstein.de\/index.php?rest_route=%2Fwp%2Fv2%2Ftags&post=7057"}],"curies":[{"name":"wp","href":"https:\/\/api.w.org\/{rel}","templated":true}]}}