{"id":7019,"date":"2025-11-06T14:33:32","date_gmt":"2025-11-06T14:33:32","guid":{"rendered":"https:\/\/turm-lahnstein.de\/?p=7019"},"modified":"2025-11-06T14:33:32","modified_gmt":"2025-11-06T14:33:32","slug":"pressebericht-knappe-niederlage-gegen-die-schachfreunde-mainz","status":"publish","type":"post","link":"https:\/\/turm-lahnstein.de\/?p=7019","title":{"rendered":"Pressebericht: Knappe Niederlage gegen die Schachfreunde Mainz"},"content":{"rendered":"\n<figure class=\"wp-block-image size-full\"><img loading=\"lazy\" decoding=\"async\" width=\"254\" height=\"248\" src=\"https:\/\/turm-lahnstein.de\/wp-content\/uploads\/2012\/09\/friedhelm_col.jpg\" alt=\"\" class=\"wp-image-68\"\/><\/figure>\n\n\n\n<p>In der zweiten Runde der Rheinland-Pfalz-Liga traf der Schachverein Turm Lahnstein auf die Schachfreunde Mainz. <\/p>\n\n\n\n<!--more-->\n\n\n\n<p>Wie meistens entwickelte sich ein hochspannender Mannschaftskampf an acht Brettern. Kleinste Ungenauigkeiten werden in dieser Klasse oft schon unbarmherzig bestraft. Die G\u00e4ste aus der Landeshauptstadt hatten diesmal das bessere Ende f\u00fcr sich und behielten mit 5 : 3 die Oberhand. F\u00fcr Lahnstein gewannen Pascal Grzeca und Clemens Wilk ihre Partien. Sabrina Ley und Kai Mailitis spielten jeweils Remis. Da Fabian Mader, Dennis Sanner, Leo Ke\u00dfler und Lasse Werling ihren Gegnern zum Sieg gratulieren mussten, reichte es in der Gesamtwertung nicht f\u00fcr Mannschaftspunkte. Das n\u00e4chste Spiel f\u00fchrt die Rhein-Lahn-St\u00e4dter am 23. November zum Schachklub Gau-Algesheim.<\/p>\n","protected":false},"excerpt":{"rendered":"<p>In der zweiten Runde der Rheinland-Pfalz-Liga traf der Schachverein Turm Lahnstein auf die Schachfreunde Mainz.<\/p>\n","protected":false},"author":4,"featured_media":0,"comment_status":"open","ping_status":"open","sticky":false,"template":"","format":"standard","meta":{"footnotes":""},"categories":[1],"tags":[],"_links":{"self":[{"href":"https:\/\/turm-lahnstein.de\/index.php?rest_route=\/wp\/v2\/posts\/7019"}],"collection":[{"href":"https:\/\/turm-lahnstein.de\/index.php?rest_route=\/wp\/v2\/posts"}],"about":[{"href":"https:\/\/turm-lahnstein.de\/index.php?rest_route=\/wp\/v2\/types\/post"}],"author":[{"embeddable":true,"href":"https:\/\/turm-lahnstein.de\/index.php?rest_route=\/wp\/v2\/users\/4"}],"replies":[{"embeddable":true,"href":"https:\/\/turm-lahnstein.de\/index.php?rest_route=%2Fwp%2Fv2%2Fcomments&post=7019"}],"version-history":[{"count":1,"href":"https:\/\/turm-lahnstein.de\/index.php?rest_route=\/wp\/v2\/posts\/7019\/revisions"}],"predecessor-version":[{"id":7020,"href":"https:\/\/turm-lahnstein.de\/index.php?rest_route=\/wp\/v2\/posts\/7019\/revisions\/7020"}],"wp:attachment":[{"href":"https:\/\/turm-lahnstein.de\/index.php?rest_route=%2Fwp%2Fv2%2Fmedia&parent=7019"}],"wp:term":[{"taxonomy":"category","embeddable":true,"href":"https:\/\/turm-lahnstein.de\/index.php?rest_route=%2Fwp%2Fv2%2Fcategories&post=7019"},{"taxonomy":"post_tag","embeddable":true,"href":"https:\/\/turm-lahnstein.de\/index.php?rest_route=%2Fwp%2Fv2%2Ftags&post=7019"}],"curies":[{"name":"wp","href":"https:\/\/api.w.org\/{rel}","templated":true}]}}