{"id":7000,"date":"2025-09-26T11:42:53","date_gmt":"2025-09-26T11:42:53","guid":{"rendered":"https:\/\/turm-lahnstein.de\/?p=7000"},"modified":"2025-09-26T11:42:53","modified_gmt":"2025-09-26T11:42:53","slug":"pressebericht-spannender-beginn-in-der-rheinland-pfalz-ligapressebericht","status":"publish","type":"post","link":"https:\/\/turm-lahnstein.de\/?p=7000","title":{"rendered":"Pressebericht: Spannender Beginn in der Rheinland-Pfalz-LigaPressebericht:"},"content":{"rendered":"\n<figure class=\"wp-block-image size-full\"><img loading=\"lazy\" decoding=\"async\" width=\"254\" height=\"248\" src=\"https:\/\/turm-lahnstein.de\/wp-content\/uploads\/2012\/09\/friedhelm_col.jpg\" alt=\"\" class=\"wp-image-68\"\/><\/figure>\n\n\n\n<p>Als Vizemeister der letzten Saison der 2. Rheinland-Pfalz-Liga tritt der Schachverein Turm Lahnstein im Spieljahr 2025\/2026 eine Klasse h\u00f6her in der 1. Rheinland-Pfalz-Liga an. Vorjahresmeister SV 03\/25 Koblenz II hatte auf den Aufstieg verzichtet, so dass die Lahnsteiner in den Genuss der h\u00f6heren Spielklasse kommen.<\/p>\n\n\n\n<!--more-->\n\n\n\n<p>Klar ist, dass dort ein scharfer Wind herrscht und direkt zum Start f\u00fchrte der Spielplan zur ambitionierten zweiten Mannschaft des Zweitbundesligisten SF Heidesheim. Wie stark die Heidesheimer besetzt sind, zeigt der Vergleich der einzelnen Kontrahenten an den acht Brettern. \u00dcberall wiesen die Heidesheimer Spieler eine h\u00f6here DWZ \u2013 dies ist die schachspezifische&nbsp; Leistungskennziffer, die aufgrund der individuellen Ergebnisse jedes Spielers berechnet wird &#8211; aus.<\/p>\n\n\n\n<p>Umso h\u00f6her ist die Leistung der G\u00e4ste vom Rhein-Lahn-Eck anzuerkennen, die mit einem hart erk\u00e4mpften 4 : 4 Unentschieden einen Punkt entf\u00fchrten. Dabei \u00fcberzeugten auch die Lahnsteiner Ersatzspieler Michael Linke und Peter Schreieck, die beim ersten Einsatz in dieser Klasse je ein Remis erzielten. Ihre Partien gewannen Pascal Grzeca, Sabrina Ley und Clemens Wilk an den Brettern eins, zwei und vier. Kai Mailitis, Stephan B\u00fcchner und Lasse Werling mussten sich zum Saisonstart geschlagen bekennen. Insgesamt ein vielversprechender Auftakt in der neuen Klasse. In den Jahren 2000 bis 2014 war Lahnstein bereits Dauergast in dieser h\u00f6chsten Spielklasse des Schachbundes Rheinland-Pfalz.&nbsp;<\/p>\n","protected":false},"excerpt":{"rendered":"<p>Als Vizemeister der letzten Saison der 2. Rheinland-Pfalz-Liga tritt der Schachverein Turm Lahnstein im Spieljahr 2025\/2026 eine Klasse h\u00f6her in der 1. Rheinland-Pfalz-Liga an. Vorjahresmeister SV 03\/25 Koblenz II hatte [&hellip;]<\/p>\n","protected":false},"author":4,"featured_media":0,"comment_status":"open","ping_status":"open","sticky":false,"template":"","format":"standard","meta":{"footnotes":""},"categories":[1],"tags":[],"_links":{"self":[{"href":"https:\/\/turm-lahnstein.de\/index.php?rest_route=\/wp\/v2\/posts\/7000"}],"collection":[{"href":"https:\/\/turm-lahnstein.de\/index.php?rest_route=\/wp\/v2\/posts"}],"about":[{"href":"https:\/\/turm-lahnstein.de\/index.php?rest_route=\/wp\/v2\/types\/post"}],"author":[{"embeddable":true,"href":"https:\/\/turm-lahnstein.de\/index.php?rest_route=\/wp\/v2\/users\/4"}],"replies":[{"embeddable":true,"href":"https:\/\/turm-lahnstein.de\/index.php?rest_route=%2Fwp%2Fv2%2Fcomments&post=7000"}],"version-history":[{"count":1,"href":"https:\/\/turm-lahnstein.de\/index.php?rest_route=\/wp\/v2\/posts\/7000\/revisions"}],"predecessor-version":[{"id":7001,"href":"https:\/\/turm-lahnstein.de\/index.php?rest_route=\/wp\/v2\/posts\/7000\/revisions\/7001"}],"wp:attachment":[{"href":"https:\/\/turm-lahnstein.de\/index.php?rest_route=%2Fwp%2Fv2%2Fmedia&parent=7000"}],"wp:term":[{"taxonomy":"category","embeddable":true,"href":"https:\/\/turm-lahnstein.de\/index.php?rest_route=%2Fwp%2Fv2%2Fcategories&post=7000"},{"taxonomy":"post_tag","embeddable":true,"href":"https:\/\/turm-lahnstein.de\/index.php?rest_route=%2Fwp%2Fv2%2Ftags&post=7000"}],"curies":[{"name":"wp","href":"https:\/\/api.w.org\/{rel}","templated":true}]}}