{"id":699,"date":"2013-09-13T07:17:41","date_gmt":"2013-09-13T07:17:41","guid":{"rendered":"http:\/\/turmlahnstein.wordpress.com\/?p=699"},"modified":"2013-09-13T07:17:41","modified_gmt":"2013-09-13T07:17:41","slug":"lahnsteiner-madchen-fahren-zur-deutschen-meisterschaft","status":"publish","type":"post","link":"https:\/\/turm-lahnstein.de\/?p=699","title":{"rendered":"Lahnsteiner M\u00e4dchen fahren zur Deutschen Meisterschaft"},"content":{"rendered":"<p><img loading=\"lazy\" decoding=\"async\" class=\"alignleft size-thumbnail wp-image-68\" alt=\"friedhelm_col\" src=\"http:\/\/turmlahnstein.files.wordpress.com\/2012\/09\/friedhelm_col.jpg?w=150\" width=\"150\" height=\"146\" \/>Der Schachverein Turm Lahnstein hat mit Alina Usczeck, Sabrina Ley und Jennifer Rau nicht nur drei schachspielende M\u00e4dchen in einem Alter, sondern diese sind in ihrer Altersklasse \u201eu(nter) 14\u201c richtig gut, was schon mehrere Teilnahmen an Deutschen Meisterschaften belegen. Aktuell stand die Qualifikation zur Deutschen Mannschaftsmeisterschaft U14w f\u00fcr Vierer-Vereinsmannschaften an, <!--more-->zu der die Lahnsteiner Vertretung durch Gastspielerin Theresa Reitz (VfR Koblenz) verst\u00e4rkt\u00a0 guten Mutes nach Erfurt fuhr. Die Regionalklasse Mitte, zu der Hessen, Th\u00fcringen, das Saarland und Rheinland-Pfalz z\u00e4hlen hat in dieser Altersklasse nur drei Teilnahmepl\u00e4tze bei der Deutschen Meisterschaft, um die vier Bundesl\u00e4nder konkurrieren.\u00a0\u00a0 Mit ansprechenden spielerischen und k\u00e4mpferischen Leistungen in einem ausgeglichenen Feld verdienten sich die Lahnsteinerinnen einen zweiten Platz mit 3 : 3 Mannschaftspunkten und damit die sichere Qualifikation zur Deutschen Mannschaftsmeisterschaft, die zwischen Weihnachten und Silvester dieses Jahr in Magdeburg ausgetragen wird.<\/p>\n<p>Einem hart umk\u00e4mpften 2 : 2 Unentschieden gegen den Gastgeber Empor Erfurt folgte zwar eine knappe 1,5:2,5 Niederlage gegen den Turniersieger SK Langen\/Hessen aber das abschlie\u00dfende \u00fcberzeugende 4: 0 gegen den SK Riegelsberg\/Saar machte die Sache klar. Wie ausgeglichen die Lahnsteiner Mannschaft besetzt war, zeigt sich in der Punkteausbeute von je zwei Punkten von Alina Usczeck, Sabrina Ley und Theresa Reitz sowie 1,5 Punkten durch Jennifer Rau. Mit Spannung und Freude schauen Spielerinnen und Betreuer jetzt der Deutschen Meisterschaft als H\u00f6hepunkt des Jahres entgegen.<\/p>\n","protected":false},"excerpt":{"rendered":"<p>Der Schachverein Turm Lahnstein hat mit Alina Usczeck, Sabrina Ley und Jennifer Rau nicht nur drei schachspielende M\u00e4dchen in einem Alter, sondern diese sind in ihrer Altersklasse \u201eu(nter) 14\u201c richtig [&hellip;]<\/p>\n","protected":false},"author":2,"featured_media":0,"comment_status":"open","ping_status":"open","sticky":false,"template":"","format":"standard","meta":{"footnotes":""},"categories":[11],"tags":[71,176,66,78,177,178,179],"_links":{"self":[{"href":"https:\/\/turm-lahnstein.de\/index.php?rest_route=\/wp\/v2\/posts\/699"}],"collection":[{"href":"https:\/\/turm-lahnstein.de\/index.php?rest_route=\/wp\/v2\/posts"}],"about":[{"href":"https:\/\/turm-lahnstein.de\/index.php?rest_route=\/wp\/v2\/types\/post"}],"author":[{"embeddable":true,"href":"https:\/\/turm-lahnstein.de\/index.php?rest_route=\/wp\/v2\/users\/2"}],"replies":[{"embeddable":true,"href":"https:\/\/turm-lahnstein.de\/index.php?rest_route=%2Fwp%2Fv2%2Fcomments&post=699"}],"version-history":[{"count":0,"href":"https:\/\/turm-lahnstein.de\/index.php?rest_route=\/wp\/v2\/posts\/699\/revisions"}],"wp:attachment":[{"href":"https:\/\/turm-lahnstein.de\/index.php?rest_route=%2Fwp%2Fv2%2Fmedia&parent=699"}],"wp:term":[{"taxonomy":"category","embeddable":true,"href":"https:\/\/turm-lahnstein.de\/index.php?rest_route=%2Fwp%2Fv2%2Fcategories&post=699"},{"taxonomy":"post_tag","embeddable":true,"href":"https:\/\/turm-lahnstein.de\/index.php?rest_route=%2Fwp%2Fv2%2Ftags&post=699"}],"curies":[{"name":"wp","href":"https:\/\/api.w.org\/{rel}","templated":true}]}}