{"id":6863,"date":"2025-05-22T12:19:14","date_gmt":"2025-05-22T12:19:14","guid":{"rendered":"https:\/\/turm-lahnstein.de\/?p=6863"},"modified":"2025-05-22T12:19:14","modified_gmt":"2025-05-22T12:19:14","slug":"pressebericht-saisonabschluss-fuer-die-lahnsteiner-mannschaften","status":"publish","type":"post","link":"https:\/\/turm-lahnstein.de\/?p=6863","title":{"rendered":"Pressebericht: Saisonabschluss f\u00fcr die Lahnsteiner Mannschaften"},"content":{"rendered":"\n<figure class=\"wp-block-image size-full\"><img loading=\"lazy\" decoding=\"async\" width=\"254\" height=\"248\" src=\"https:\/\/turm-lahnstein.de\/wp-content\/uploads\/2012\/09\/friedhelm_col.jpg\" alt=\"\" class=\"wp-image-68\"\/><\/figure>\n\n\n\n<p>Das Spieljahr 2024\/2025 wurde f\u00fcr alle Mannschaften des Schachvereins Turm Lahnstein mit guten bis zufriedenstellenden Ergebnissen abgeschlossen. Die zweite Mannschaft belegte in der Bezirksliga den f\u00fcnften Tabellenplatz. Das Punkteverh\u00e4ltnis war mit 5 : 9 zwar negativ, da aber in der unteren H\u00e4lfte alle Mannschaften eng zusammen lagen, reichte es noch zu diesem Platz. Die meisten Punkte erk\u00e4mpfte sich Peter Schreieck mit 3,5, der als einziger alle sieben Partien bestritt. Eifrige Punktesammler waren auch Peter Ley (3 aus 3), Markus M\u00fcller (2,5 aus 5) und Hans-Joachim Will (2,5 aus 3).<\/p>\n\n\n\n<!--more-->\n\n\n\n<p>Die dritte Mannschaft holte in der A-Klasse Rhein-Nahe mit 6 : 6 ein ausgeglichenes Punktekonto und sicherte sich damit den vierten Rang der Abschlusstabelle. Die meisten Punkte erzielte mit Niklas Elbert ein Jugendlicher, mit vier von f\u00fcnf m\u00f6glichen Z\u00e4hlern. Auch David Ponomarov mit 3 aus 3 und Manuel Klassen mit 2,5 aus 3 lagen deutlich \u00fcber der 50%H\u00fcrde.<\/p>\n\n\n\n<p>Parallel zur Vereinsmeisterschaft ging die separate Sch\u00fclermeisterschaft f\u00fcr die bis 12j\u00e4hrigen Kinder im Verein zu Ende. Elf M\u00e4dchen und Jungen nutzten das Turnier zur Heranf\u00fchrung ans Turnierschach und Allen machte es viel Spa\u00df. \u00dcbungsleiterin Sabrina Ley und Jugendleiter Peter Ley f\u00fchrten die Siegerehrung unter Teilnahme mehrerer Eltern durch. Lea Hoppe sicherte sich mit einem 100%igen Ergebnis von sieben Punkten aus sieben Partien den ersten Preis. Julius Ravati und David Fuchs folgten punktgleich mit je 5,5 Punkten auf den Pl\u00e4tzen zwei und drei. Vierter und damit Bester der Altersklasse U10 wurde Lennard Sunaga.&nbsp;<\/p>\n","protected":false},"excerpt":{"rendered":"<p>Das Spieljahr 2024\/2025 wurde f\u00fcr alle Mannschaften des Schachvereins Turm Lahnstein mit guten bis zufriedenstellenden Ergebnissen abgeschlossen. Die zweite Mannschaft belegte in der Bezirksliga den f\u00fcnften Tabellenplatz. Das Punkteverh\u00e4ltnis war [&hellip;]<\/p>\n","protected":false},"author":4,"featured_media":0,"comment_status":"open","ping_status":"open","sticky":false,"template":"","format":"standard","meta":{"footnotes":""},"categories":[1],"tags":[],"_links":{"self":[{"href":"https:\/\/turm-lahnstein.de\/index.php?rest_route=\/wp\/v2\/posts\/6863"}],"collection":[{"href":"https:\/\/turm-lahnstein.de\/index.php?rest_route=\/wp\/v2\/posts"}],"about":[{"href":"https:\/\/turm-lahnstein.de\/index.php?rest_route=\/wp\/v2\/types\/post"}],"author":[{"embeddable":true,"href":"https:\/\/turm-lahnstein.de\/index.php?rest_route=\/wp\/v2\/users\/4"}],"replies":[{"embeddable":true,"href":"https:\/\/turm-lahnstein.de\/index.php?rest_route=%2Fwp%2Fv2%2Fcomments&post=6863"}],"version-history":[{"count":1,"href":"https:\/\/turm-lahnstein.de\/index.php?rest_route=\/wp\/v2\/posts\/6863\/revisions"}],"predecessor-version":[{"id":6864,"href":"https:\/\/turm-lahnstein.de\/index.php?rest_route=\/wp\/v2\/posts\/6863\/revisions\/6864"}],"wp:attachment":[{"href":"https:\/\/turm-lahnstein.de\/index.php?rest_route=%2Fwp%2Fv2%2Fmedia&parent=6863"}],"wp:term":[{"taxonomy":"category","embeddable":true,"href":"https:\/\/turm-lahnstein.de\/index.php?rest_route=%2Fwp%2Fv2%2Fcategories&post=6863"},{"taxonomy":"post_tag","embeddable":true,"href":"https:\/\/turm-lahnstein.de\/index.php?rest_route=%2Fwp%2Fv2%2Ftags&post=6863"}],"curies":[{"name":"wp","href":"https:\/\/api.w.org\/{rel}","templated":true}]}}