{"id":6844,"date":"2025-04-29T08:40:25","date_gmt":"2025-04-29T08:40:25","guid":{"rendered":"https:\/\/turm-lahnstein.de\/?p=6844"},"modified":"2025-04-29T08:44:50","modified_gmt":"2025-04-29T08:44:50","slug":"pressebericht-erfolgreich-bei-den-jugend-rheinland-pfalz-meisterschaften-2","status":"publish","type":"post","link":"https:\/\/turm-lahnstein.de\/?p=6844","title":{"rendered":"Pressebericht: Erfolgreich bei den Jugend-Rheinland-Pfalz-Meisterschaften"},"content":{"rendered":"\n<figure class=\"wp-block-image size-large\"><img loading=\"lazy\" decoding=\"async\" width=\"768\" height=\"1024\" src=\"https:\/\/turm-lahnstein.de\/wp-content\/uploads\/2025\/04\/IMG-20250428-WA00001-768x1024.jpg\" alt=\"\" class=\"wp-image-6845\" srcset=\"https:\/\/turm-lahnstein.de\/wp-content\/uploads\/2025\/04\/IMG-20250428-WA00001-768x1024.jpg 768w, https:\/\/turm-lahnstein.de\/wp-content\/uploads\/2025\/04\/IMG-20250428-WA00001-225x300.jpg 225w, https:\/\/turm-lahnstein.de\/wp-content\/uploads\/2025\/04\/IMG-20250428-WA00001-1152x1536.jpg 1152w, https:\/\/turm-lahnstein.de\/wp-content\/uploads\/2025\/04\/IMG-20250428-WA00001.jpg 1200w\" sizes=\"(max-width: 768px) 100vw, 768px\" \/><\/figure>\n\n\n\n<figure class=\"wp-block-image size-full\"><img loading=\"lazy\" decoding=\"async\" width=\"254\" height=\"248\" src=\"https:\/\/turm-lahnstein.de\/wp-content\/uploads\/2012\/09\/friedhelm_col.jpg\" alt=\"\" class=\"wp-image-68\"\/><\/figure>\n\n\n\n<p><\/p>\n\n\n\n<p>Zu den Landesmeisterschaften der einzelnen Altersklassen der Schachjugend f\u00fchrt der Weg \u00fcber die Bezirks- und die Rheinlandmeisterschaft. Auch in diesem Jahr hatten sich drei Jugendliche des Schachvereins Turm Lahnstein zur Rheinland-Pfalz-Meisterschaft qualifiziert..<\/p>\n\n\n\n<!--more-->\n\n\n\n<p>In der Jugendherberge Speyer trugen die \u00e4lteren Altersklassen ihre Meisterschaft in der Woche nach Ostern aus.&nbsp; Sowohl Fabian Mader in der U 18 wie auch Leo Ke\u00dfler in der U 14 z\u00e4hlten zum Favoritenkreis ihrer Altersklasse. Bei einem siebenrundigen Turnier entscheidet im dicht gedr\u00e4ngten Teilnehmerfeld oft eine einzelne Partie \u00fcber die Meisterschaft, denn das Niveau aller Mitspieler ist nahe beisammen.&nbsp;&nbsp;&nbsp;&nbsp;&nbsp;<\/p>\n\n\n\n<p>Fabian Mader spielte ein gutes Turnier, gewann f\u00fcnfmal und verlor zwei Partien ausgerechnet gegen die Hauptkontrahenten um die Pl\u00e4tze ganz vorne. So steht mit dem dritten Rang ein Erfolg zu Buche, der aber getr\u00fcbt ist, weil das Ziel doch ein anderes war.<\/p>\n\n\n\n<p>\u00c4hnlich verlief das Turnier f\u00fcr Leo Ke\u00dfler, der sich mit vier Punkten den guten f\u00fcnften Platz in der j\u00fcngeren Altersklasse erk\u00e4mpfte, sich aber auch noch mehr zum Ziel gesetzt hatte.&nbsp;<\/p>\n\n\n\n<p>Einige Wochen zuvor vertrat bereits Lennard Sunaga den Lahnsteiner Verein bei der Rheinland-Pfalz-Meisterschaft der j\u00fcngeren Altersklasse der U 10. Diese fand in Trier statt und die Erwartungen von Lennard waren nicht auf einen Spitzenplatz ausgerichtet. Er freute sich \u00fcber zwei Punkte und den 25. Platz in seiner Altersklasse.<\/p>\n\n\n\n<p>Das Jugendtraining beim Schachverein Turm Lahnstein findet jeden Freitag ab 18.15 Uhr in den Vereinsr\u00e4umen im Johannes-Gymnasium statt .<\/p>\n","protected":false},"excerpt":{"rendered":"<p>Zu den Landesmeisterschaften der einzelnen Altersklassen der Schachjugend f\u00fchrt der Weg \u00fcber die Bezirks- und die Rheinlandmeisterschaft. Auch in diesem Jahr hatten sich drei Jugendliche des Schachvereins Turm Lahnstein zur [&hellip;]<\/p>\n","protected":false},"author":4,"featured_media":0,"comment_status":"open","ping_status":"open","sticky":false,"template":"","format":"standard","meta":{"footnotes":""},"categories":[1],"tags":[],"_links":{"self":[{"href":"https:\/\/turm-lahnstein.de\/index.php?rest_route=\/wp\/v2\/posts\/6844"}],"collection":[{"href":"https:\/\/turm-lahnstein.de\/index.php?rest_route=\/wp\/v2\/posts"}],"about":[{"href":"https:\/\/turm-lahnstein.de\/index.php?rest_route=\/wp\/v2\/types\/post"}],"author":[{"embeddable":true,"href":"https:\/\/turm-lahnstein.de\/index.php?rest_route=\/wp\/v2\/users\/4"}],"replies":[{"embeddable":true,"href":"https:\/\/turm-lahnstein.de\/index.php?rest_route=%2Fwp%2Fv2%2Fcomments&post=6844"}],"version-history":[{"count":2,"href":"https:\/\/turm-lahnstein.de\/index.php?rest_route=\/wp\/v2\/posts\/6844\/revisions"}],"predecessor-version":[{"id":6847,"href":"https:\/\/turm-lahnstein.de\/index.php?rest_route=\/wp\/v2\/posts\/6844\/revisions\/6847"}],"wp:attachment":[{"href":"https:\/\/turm-lahnstein.de\/index.php?rest_route=%2Fwp%2Fv2%2Fmedia&parent=6844"}],"wp:term":[{"taxonomy":"category","embeddable":true,"href":"https:\/\/turm-lahnstein.de\/index.php?rest_route=%2Fwp%2Fv2%2Fcategories&post=6844"},{"taxonomy":"post_tag","embeddable":true,"href":"https:\/\/turm-lahnstein.de\/index.php?rest_route=%2Fwp%2Fv2%2Ftags&post=6844"}],"curies":[{"name":"wp","href":"https:\/\/api.w.org\/{rel}","templated":true}]}}