{"id":6798,"date":"2025-02-24T13:29:02","date_gmt":"2025-02-24T13:29:02","guid":{"rendered":"https:\/\/turm-lahnstein.de\/?p=6798"},"modified":"2025-02-24T13:29:02","modified_gmt":"2025-02-24T13:29:02","slug":"pressebericht-hart-erkaempfter-arbeitssieg","status":"publish","type":"post","link":"https:\/\/turm-lahnstein.de\/?p=6798","title":{"rendered":"Pressebericht: Hart erk\u00e4mpfter Arbeitssieg"},"content":{"rendered":"\n<figure class=\"wp-block-image size-full is-resized\"><img loading=\"lazy\" decoding=\"async\" width=\"254\" height=\"248\" src=\"https:\/\/turm-lahnstein.de\/wp-content\/uploads\/2012\/09\/friedhelm_col.jpg\" alt=\"\" class=\"wp-image-68\" style=\"width:254px;height:auto\"\/><\/figure>\n\n\n\n<p>Zum erwartet spannenden Mannschaftskampf war die erste Mannschaft des Schachvereins Turm Lahnstein zum SV Siershahn in den Westerwald gefahren.\u00a0 Erst nach f\u00fcnf Spielstunden war die letzte Partie beendet und mit einem 4,5:3,5 Sieg festigten die Lahnsteiner ihren zweiten Tabellenplatz in der 2. Rheinland-Pfalz-Liga .<\/p>\n\n\n\n<!--more-->\n\n\n\n<p>An allen Brettern entwickelte sich ein z\u00e4hes Ringen um kleine Vorteile, um dann diese bis zum Partiegewinn auszubauen. Sabrina Ley, Lasse Werling und Leo Ke\u00dfler sorgten diesmal f\u00fcr die wichtigen Gewinnpartien. Dennis Sanner, Michael Linke und Friedhelm Schneider spielten jeweils Remis. Fabian Mader am ersten Brett und Stephan B\u00fcchner mussten sich geschlagen bekennen.<\/p>\n\n\n\n<p>Der bisherige Saisonverlauf ist f\u00fcr die Schachspieler vom Rhein-Lahn-Eck mehr als zufriedenstellend.&nbsp;&nbsp;&nbsp;<\/p>\n","protected":false},"excerpt":{"rendered":"<p>Zum erwartet spannenden Mannschaftskampf war die erste Mannschaft des Schachvereins Turm Lahnstein zum SV Siershahn in den Westerwald gefahren.\u00a0 Erst nach f\u00fcnf Spielstunden war die letzte Partie beendet und mit [&hellip;]<\/p>\n","protected":false},"author":4,"featured_media":0,"comment_status":"open","ping_status":"open","sticky":false,"template":"","format":"standard","meta":{"footnotes":""},"categories":[1],"tags":[],"_links":{"self":[{"href":"https:\/\/turm-lahnstein.de\/index.php?rest_route=\/wp\/v2\/posts\/6798"}],"collection":[{"href":"https:\/\/turm-lahnstein.de\/index.php?rest_route=\/wp\/v2\/posts"}],"about":[{"href":"https:\/\/turm-lahnstein.de\/index.php?rest_route=\/wp\/v2\/types\/post"}],"author":[{"embeddable":true,"href":"https:\/\/turm-lahnstein.de\/index.php?rest_route=\/wp\/v2\/users\/4"}],"replies":[{"embeddable":true,"href":"https:\/\/turm-lahnstein.de\/index.php?rest_route=%2Fwp%2Fv2%2Fcomments&post=6798"}],"version-history":[{"count":1,"href":"https:\/\/turm-lahnstein.de\/index.php?rest_route=\/wp\/v2\/posts\/6798\/revisions"}],"predecessor-version":[{"id":6799,"href":"https:\/\/turm-lahnstein.de\/index.php?rest_route=\/wp\/v2\/posts\/6798\/revisions\/6799"}],"wp:attachment":[{"href":"https:\/\/turm-lahnstein.de\/index.php?rest_route=%2Fwp%2Fv2%2Fmedia&parent=6798"}],"wp:term":[{"taxonomy":"category","embeddable":true,"href":"https:\/\/turm-lahnstein.de\/index.php?rest_route=%2Fwp%2Fv2%2Fcategories&post=6798"},{"taxonomy":"post_tag","embeddable":true,"href":"https:\/\/turm-lahnstein.de\/index.php?rest_route=%2Fwp%2Fv2%2Ftags&post=6798"}],"curies":[{"name":"wp","href":"https:\/\/api.w.org\/{rel}","templated":true}]}}