{"id":6739,"date":"2024-11-20T14:37:35","date_gmt":"2024-11-20T14:37:35","guid":{"rendered":"https:\/\/turm-lahnstein.de\/?p=6739"},"modified":"2024-11-20T14:37:35","modified_gmt":"2024-11-20T14:37:35","slug":"pressebericht-wichtiger-sieg-in-der-rheinland-pfalz-liga","status":"publish","type":"post","link":"https:\/\/turm-lahnstein.de\/?p=6739","title":{"rendered":"Pressebericht: Wichtiger Sieg in der Rheinland-Pfalz Liga"},"content":{"rendered":"\n<figure class=\"wp-block-image size-full\"><img loading=\"lazy\" decoding=\"async\" width=\"254\" height=\"248\" src=\"https:\/\/turm-lahnstein.de\/wp-content\/uploads\/2012\/09\/friedhelm_col.jpg\" alt=\"\" class=\"wp-image-68\"\/><\/figure>\n\n\n\n<p>Mit einem hart erk\u00e4mpften Arbeitssieg gegen den SC Kettig glich der Schachverein Turm Lahnstein seine bisherige Saisonbilanz in der 2. Rheinland-Pfalz-Liga aus. Einen leichten Gegner gibt es in dieser Klasse nicht und so waren alle Partien auf Augenh\u00f6he und sehr spannend. Das bessere Ende hatten die Rhein-Lahn-St\u00e4dter f\u00fcr sich und behielten mit 4,5:3,5 die Oberhand.\u00a0<\/p>\n\n\n\n<!--more-->\n\n\n\n<p>Dennis Sanner, Stephan B\u00fcchner und Ersatzmann Peter Schreieck gewannen ihre Partien. Nicht minder interessant verliefen die Partien von Fabian Mader am ersten Brett sowie Kai Mailitis und Friedhelm Schneider, die Remis endeten. Im Duell der Generationen an den Brettern sechs und sieben blieben diesmal die G\u00e4stespieler gegen die Lahnsteiner Jugendlichen Lasse Werling und Leo Ke\u00dfler siegreich. In diesen Partien trennten jeweils mehr als f\u00fcnfzig Lebensjahre die Kontrahenten &#8211; eine Konstellation, die es fast nur im Schachsport gibt.&nbsp;&nbsp;&nbsp;&nbsp;<\/p>\n","protected":false},"excerpt":{"rendered":"<p>Mit einem hart erk\u00e4mpften Arbeitssieg gegen den SC Kettig glich der Schachverein Turm Lahnstein seine bisherige Saisonbilanz in der 2. Rheinland-Pfalz-Liga aus. Einen leichten Gegner gibt es in dieser Klasse [&hellip;]<\/p>\n","protected":false},"author":4,"featured_media":0,"comment_status":"open","ping_status":"open","sticky":false,"template":"","format":"standard","meta":{"footnotes":""},"categories":[1],"tags":[],"_links":{"self":[{"href":"https:\/\/turm-lahnstein.de\/index.php?rest_route=\/wp\/v2\/posts\/6739"}],"collection":[{"href":"https:\/\/turm-lahnstein.de\/index.php?rest_route=\/wp\/v2\/posts"}],"about":[{"href":"https:\/\/turm-lahnstein.de\/index.php?rest_route=\/wp\/v2\/types\/post"}],"author":[{"embeddable":true,"href":"https:\/\/turm-lahnstein.de\/index.php?rest_route=\/wp\/v2\/users\/4"}],"replies":[{"embeddable":true,"href":"https:\/\/turm-lahnstein.de\/index.php?rest_route=%2Fwp%2Fv2%2Fcomments&post=6739"}],"version-history":[{"count":1,"href":"https:\/\/turm-lahnstein.de\/index.php?rest_route=\/wp\/v2\/posts\/6739\/revisions"}],"predecessor-version":[{"id":6740,"href":"https:\/\/turm-lahnstein.de\/index.php?rest_route=\/wp\/v2\/posts\/6739\/revisions\/6740"}],"wp:attachment":[{"href":"https:\/\/turm-lahnstein.de\/index.php?rest_route=%2Fwp%2Fv2%2Fmedia&parent=6739"}],"wp:term":[{"taxonomy":"category","embeddable":true,"href":"https:\/\/turm-lahnstein.de\/index.php?rest_route=%2Fwp%2Fv2%2Fcategories&post=6739"},{"taxonomy":"post_tag","embeddable":true,"href":"https:\/\/turm-lahnstein.de\/index.php?rest_route=%2Fwp%2Fv2%2Ftags&post=6739"}],"curies":[{"name":"wp","href":"https:\/\/api.w.org\/{rel}","templated":true}]}}