{"id":6701,"date":"2024-10-17T13:06:41","date_gmt":"2024-10-17T13:06:41","guid":{"rendered":"https:\/\/turm-lahnstein.de\/?p=6701"},"modified":"2024-10-17T13:06:41","modified_gmt":"2024-10-17T13:06:41","slug":"pressebericht-spannendes-unentschieden-an-der-mosel-2","status":"publish","type":"post","link":"https:\/\/turm-lahnstein.de\/?p=6701","title":{"rendered":"Pressebericht: Spannendes Unentschieden an der Mosel\u00a0"},"content":{"rendered":"\n<figure class=\"wp-block-image size-full\"><img loading=\"lazy\" decoding=\"async\" width=\"254\" height=\"248\" src=\"https:\/\/turm-lahnstein.de\/wp-content\/uploads\/2012\/09\/friedhelm_col.jpg\" alt=\"\" class=\"wp-image-68\"\/><\/figure>\n\n\n\n<p>Mit einem 4 : 4 Unentschieden kam die erste Mannschaft des Schachvereins Turm Lahnstein von ihrem Gastspiel bei der SG Schweich\/Trittenheim an der Mosel zur\u00fcck.<\/p>\n\n\n\n<!--more-->\n\n\n\n<p>Bez\u00fcglich der Verf\u00fcgbarkeit von Spielerinnen und Spielern gab es auch kurzfristig noch \u00c4nderungen, so dass schon in der Vorbereitung des Mannschaftskampfes Spannung herrschte.<\/p>\n\n\n\n<p>Aber letztlich brachten es die acht eingesetzten Spielerinnen und Spieler zu einem erfreulichen Ende. Besonders wichtig war nat\u00fcrlich, dass Dennis Sanner und Lasse Werling ihre Partien gewannen. Vier Partien endeten ausgek\u00e4mpft Remis. Leo Ke\u00dfler, Michael Linke, Peter Schreieck und Kai Mailitis waren hier auf Lahnsteiner Seite an den Brettern. Lediglich Sabrina Ley und Julian Voss verloren ihre Partien, so dass ein leistungsgerechtes 4 : 4 Unentschieden zustande kam.&nbsp;&nbsp;&nbsp;&nbsp;&nbsp; &nbsp;&nbsp;&nbsp;<\/p>\n","protected":false},"excerpt":{"rendered":"<p>Mit einem 4 : 4 Unentschieden kam die erste Mannschaft des Schachvereins Turm Lahnstein von ihrem Gastspiel bei der SG Schweich\/Trittenheim an der Mosel zur\u00fcck.<\/p>\n","protected":false},"author":4,"featured_media":0,"comment_status":"open","ping_status":"open","sticky":false,"template":"","format":"standard","meta":{"footnotes":""},"categories":[1],"tags":[],"_links":{"self":[{"href":"https:\/\/turm-lahnstein.de\/index.php?rest_route=\/wp\/v2\/posts\/6701"}],"collection":[{"href":"https:\/\/turm-lahnstein.de\/index.php?rest_route=\/wp\/v2\/posts"}],"about":[{"href":"https:\/\/turm-lahnstein.de\/index.php?rest_route=\/wp\/v2\/types\/post"}],"author":[{"embeddable":true,"href":"https:\/\/turm-lahnstein.de\/index.php?rest_route=\/wp\/v2\/users\/4"}],"replies":[{"embeddable":true,"href":"https:\/\/turm-lahnstein.de\/index.php?rest_route=%2Fwp%2Fv2%2Fcomments&post=6701"}],"version-history":[{"count":1,"href":"https:\/\/turm-lahnstein.de\/index.php?rest_route=\/wp\/v2\/posts\/6701\/revisions"}],"predecessor-version":[{"id":6702,"href":"https:\/\/turm-lahnstein.de\/index.php?rest_route=\/wp\/v2\/posts\/6701\/revisions\/6702"}],"wp:attachment":[{"href":"https:\/\/turm-lahnstein.de\/index.php?rest_route=%2Fwp%2Fv2%2Fmedia&parent=6701"}],"wp:term":[{"taxonomy":"category","embeddable":true,"href":"https:\/\/turm-lahnstein.de\/index.php?rest_route=%2Fwp%2Fv2%2Fcategories&post=6701"},{"taxonomy":"post_tag","embeddable":true,"href":"https:\/\/turm-lahnstein.de\/index.php?rest_route=%2Fwp%2Fv2%2Ftags&post=6701"}],"curies":[{"name":"wp","href":"https:\/\/api.w.org\/{rel}","templated":true}]}}