{"id":67,"date":"2012-09-22T13:36:42","date_gmt":"2012-09-22T13:36:42","guid":{"rendered":"http:\/\/turmlahnstein.wordpress.com\/?p=67"},"modified":"2012-09-22T13:36:42","modified_gmt":"2012-09-22T13:36:42","slug":"schachligen-gehen-ins-neue-spieljahr","status":"publish","type":"post","link":"https:\/\/turm-lahnstein.de\/?p=67","title":{"rendered":"Schachligen gehen ins neue Spieljahr"},"content":{"rendered":"<p><a href=\"https:\/\/turm-lahnstein.de\/wp-content\/uploads\/2012\/09\/friedhelm_col.jpg\"><img loading=\"lazy\" decoding=\"async\" class=\"alignleft size-full wp-image-68\" title=\"friedhelm_col\" src=\"https:\/\/turm-lahnstein.de\/wp-content\/uploads\/2012\/09\/friedhelm_col.jpg\" alt=\"\" width=\"254\" height=\"248\" \/><\/a>Im September startet f\u00fcr alle Spielklassen die neue Saison. Vom Schachverein Turm Lahnstein stand das jeweils erste Spiel f\u00fcr die dritte und die f\u00fcnfte Mannschaft am gleichen Wochenende auf dem Programm. Die dritte als Meister der A-Klasse des Vorjahres in die Bezirksliga aufgestiegen, will wie die meisten Aufsteiger vorrangig in der neuen Klasse bestehen. Als zus\u00e4tzliche Herausforderung kommt dazu, dass ab Bezirksliga aufw\u00e4rts mit Achtermannschaften gespielt wird, gegen\u00fcber der A-Klasse mit F\u00fcnfermannschaften also drei Spieler mehr ben\u00f6tigt werden. Gl\u00fccklicherweise zeigt die Zahl der Aktiven im Verein deutlich nach oben, so dass dies kein Problem sein wird.<\/p>\n<p><!--more--><\/p>\n<p>In der 1. Runde musste mit einem 3,5 : 4,5 gegen den SC Nast\u00e4tten I eine knappe Niederlage hingenommen werden. Michael Sefeloge, Mathieu Voss und Gerhard Reznik gewannen jeweils ihre Partie und Dr. Axel M\u00fcller erzielte ein Remis, was bei vier Verlustpartien leider nicht zum ersten Punktgewinn ausreichend war.<\/p>\n<p>Erfolgreicher agierte die f\u00fcnfte Mannschaft in der B-Klasse. Sie besteht ausschlie\u00dflich aus Kindern und Jugendlichen und holte durch Siege des neunj\u00e4hrigen Lars Wei\u00dfenfels und des zw\u00f6lfj\u00e4hrigen Niklas Herbel den ersten Mannschaftssieg gegen den SC Koblenz 1955. Dazu steuerte mit Marek Wei\u00dfenfels ein Elfj\u00e4hriger noch einen halben Punkt durch ein Remis bei. Markus Nickel ging gegen einen sehr erfahrenen Gegner dieses Mal noch leer aus, was aber einen 2,5:1,5 Gesamtsieg<br \/>\nausmachte.<\/p>\n","protected":false},"excerpt":{"rendered":"<p>Im September startet f\u00fcr alle Spielklassen die neue Saison. Vom Schachverein Turm Lahnstein stand das jeweils erste Spiel f\u00fcr die dritte und die f\u00fcnfte Mannschaft am gleichen Wochenende auf dem [&hellip;]<\/p>\n","protected":false},"author":2,"featured_media":0,"comment_status":"open","ping_status":"open","sticky":false,"template":"","format":"standard","meta":{"footnotes":""},"categories":[5,6,11],"tags":[12,13,14,15,16,17],"_links":{"self":[{"href":"https:\/\/turm-lahnstein.de\/index.php?rest_route=\/wp\/v2\/posts\/67"}],"collection":[{"href":"https:\/\/turm-lahnstein.de\/index.php?rest_route=\/wp\/v2\/posts"}],"about":[{"href":"https:\/\/turm-lahnstein.de\/index.php?rest_route=\/wp\/v2\/types\/post"}],"author":[{"embeddable":true,"href":"https:\/\/turm-lahnstein.de\/index.php?rest_route=\/wp\/v2\/users\/2"}],"replies":[{"embeddable":true,"href":"https:\/\/turm-lahnstein.de\/index.php?rest_route=%2Fwp%2Fv2%2Fcomments&post=67"}],"version-history":[{"count":0,"href":"https:\/\/turm-lahnstein.de\/index.php?rest_route=\/wp\/v2\/posts\/67\/revisions"}],"wp:attachment":[{"href":"https:\/\/turm-lahnstein.de\/index.php?rest_route=%2Fwp%2Fv2%2Fmedia&parent=67"}],"wp:term":[{"taxonomy":"category","embeddable":true,"href":"https:\/\/turm-lahnstein.de\/index.php?rest_route=%2Fwp%2Fv2%2Fcategories&post=67"},{"taxonomy":"post_tag","embeddable":true,"href":"https:\/\/turm-lahnstein.de\/index.php?rest_route=%2Fwp%2Fv2%2Ftags&post=67"}],"curies":[{"name":"wp","href":"https:\/\/api.w.org\/{rel}","templated":true}]}}