{"id":6692,"date":"2024-09-25T10:11:41","date_gmt":"2024-09-25T10:11:41","guid":{"rendered":"https:\/\/turm-lahnstein.de\/?p=6692"},"modified":"2024-09-25T10:11:41","modified_gmt":"2024-09-25T10:11:41","slug":"pressebericht-knappe-niederlage-zum-saisonauftakt","status":"publish","type":"post","link":"https:\/\/turm-lahnstein.de\/?p=6692","title":{"rendered":"Pressebericht: Knappe Niederlage zum Saisonauftakt"},"content":{"rendered":"\n<figure class=\"wp-block-image size-full\"><img loading=\"lazy\" decoding=\"async\" width=\"254\" height=\"248\" src=\"https:\/\/turm-lahnstein.de\/wp-content\/uploads\/2012\/09\/friedhelm_col.jpg\" alt=\"\" class=\"wp-image-68\"\/><\/figure>\n\n\n\n<p>In der ersten Runde der 2. Rheinland-Pfalz-Liga hatte der Schachverein Turm Lahnstein mit dem SV 03\/25 Koblenz II den Absteiger aus der n\u00e4chsth\u00f6heren Klasse zu Gast. Erwartungsgem\u00e4\u00df war dies ein schweres Spiel und am Ende hatten die Koblenzer mit 4,5 : 3,5 die Nase vorn.\u00a0<\/p>\n\n\n\n<!--more-->\n\n\n\n<p>Der Raum zwischen Sieg und Niederlage ist wie oft nur sehr knapp und schon kleine Ungenauigkeiten entscheiden. Nach z\u00e4hem Ringen mussten die Lahnsteiner Sabrina Ley und Kai Mailitis ihre Niederlagen anerkennen, denen mit dem Sieg von Friedhelm Schneider nur eine Gewinnpartie gegen\u00fcberstand.&nbsp; Die Partien von Fabian Mader, Egor Dranischnikow, Stephan B\u00fcchner, Lasse Werling und Michael Linke endeten remis.<\/p>\n\n\n\n<p>Wie ausgeglichen die zehn Mannschaften der Klasse sind, zeigt sich schon zu Beginn des Spieljahres, denn keiner Mannschaft gelang ein h\u00f6herer Sieg als ein 4,5 : 3,5. Die Saison verspricht spannend zu werden.<\/p>\n","protected":false},"excerpt":{"rendered":"<p>In der ersten Runde der 2. Rheinland-Pfalz-Liga hatte der Schachverein Turm Lahnstein mit dem SV 03\/25 Koblenz II den Absteiger aus der n\u00e4chsth\u00f6heren Klasse zu Gast. Erwartungsgem\u00e4\u00df war dies ein [&hellip;]<\/p>\n","protected":false},"author":4,"featured_media":0,"comment_status":"open","ping_status":"open","sticky":false,"template":"","format":"standard","meta":{"footnotes":""},"categories":[1],"tags":[],"_links":{"self":[{"href":"https:\/\/turm-lahnstein.de\/index.php?rest_route=\/wp\/v2\/posts\/6692"}],"collection":[{"href":"https:\/\/turm-lahnstein.de\/index.php?rest_route=\/wp\/v2\/posts"}],"about":[{"href":"https:\/\/turm-lahnstein.de\/index.php?rest_route=\/wp\/v2\/types\/post"}],"author":[{"embeddable":true,"href":"https:\/\/turm-lahnstein.de\/index.php?rest_route=\/wp\/v2\/users\/4"}],"replies":[{"embeddable":true,"href":"https:\/\/turm-lahnstein.de\/index.php?rest_route=%2Fwp%2Fv2%2Fcomments&post=6692"}],"version-history":[{"count":1,"href":"https:\/\/turm-lahnstein.de\/index.php?rest_route=\/wp\/v2\/posts\/6692\/revisions"}],"predecessor-version":[{"id":6693,"href":"https:\/\/turm-lahnstein.de\/index.php?rest_route=\/wp\/v2\/posts\/6692\/revisions\/6693"}],"wp:attachment":[{"href":"https:\/\/turm-lahnstein.de\/index.php?rest_route=%2Fwp%2Fv2%2Fmedia&parent=6692"}],"wp:term":[{"taxonomy":"category","embeddable":true,"href":"https:\/\/turm-lahnstein.de\/index.php?rest_route=%2Fwp%2Fv2%2Fcategories&post=6692"},{"taxonomy":"post_tag","embeddable":true,"href":"https:\/\/turm-lahnstein.de\/index.php?rest_route=%2Fwp%2Fv2%2Ftags&post=6692"}],"curies":[{"name":"wp","href":"https:\/\/api.w.org\/{rel}","templated":true}]}}