{"id":6583,"date":"2024-05-31T07:21:59","date_gmt":"2024-05-31T07:21:59","guid":{"rendered":"https:\/\/turm-lahnstein.de\/?p=6583"},"modified":"2024-05-31T07:21:59","modified_gmt":"2024-05-31T07:21:59","slug":"pressebericht-zwei-lahnsteiner-jugendliche-bei-der-deutschen-meisterschaft","status":"publish","type":"post","link":"https:\/\/turm-lahnstein.de\/?p=6583","title":{"rendered":"Pressebericht: Zwei Lahnsteiner Jugendliche bei der Deutschen Meisterschaft!"},"content":{"rendered":"\n<figure class=\"wp-block-image size-full\"><img loading=\"lazy\" decoding=\"async\" width=\"254\" height=\"248\" src=\"https:\/\/turm-lahnstein.de\/wp-content\/uploads\/2012\/09\/friedhelm_col.jpg\" alt=\"\" class=\"wp-image-68\"\/><\/figure>\n\n\n\n<p>Gleich zwei Jugendliche vom Schachverein Turm Lahnstein hatten sich durch \u00fcberragende Leistungen bei der Landesmeisterschaft zur Deutschen Jugendeinzelmeisterschaft qualifiziert.&nbsp;&nbsp;<\/p>\n\n\n\n<p>Diese fand als einw\u00f6chige Veranstaltung zentral f\u00fcr alle Altersklassen \u00fcber Pfingsten in Willingen\/Hochsauerland statt.<\/p>\n\n\n\n<!--more-->\n\n\n\n<p>In der Altersklasse U 16 hatte Fabian Mader einen schlechten Start, k\u00e4mpfte sich aber Runde f\u00fcr Runde immer weiter nach vorne. In der zweiten Turnierh\u00e4lfte holte er Punkt auf Punkt. Insbesondere wenn er in Angriffsposition war, profitierte er von seinem taktischen Geschick. Mit f\u00fcnf Punkten aus neun Partien schaffte Fabian es mit dem zehnten Platz unter die deutschen \u201eTOP TEN\u201c seiner Altersklasse.<\/p>\n\n\n\n<p>In der Altersklasse U 14 erging es Leo Ke\u00dfler bez\u00fcglich des schlechten Starts genauso, aber leider wollte ihm auch in den folgenden Runden nichts gelingen. Es bewahrheitete sich die Aussage, dass manchmal gar nichts geht. Unverdrossen k\u00e4mpfte Leo in jeder Partie und versuchte Alles, aber es blieb bei einer Gewinnpartie und damit einem Punkt. Motivation f\u00fcr das n\u00e4chste Jahr, in dem er noch in der U 14 spielberechtigt ist, wieder bei der Deutschen Meisterschaft angreifen zu k\u00f6nnen.&nbsp;&nbsp;&nbsp;&nbsp;&nbsp;&nbsp;<\/p>\n","protected":false},"excerpt":{"rendered":"<p>Gleich zwei Jugendliche vom Schachverein Turm Lahnstein hatten sich durch \u00fcberragende Leistungen bei der Landesmeisterschaft zur Deutschen Jugendeinzelmeisterschaft qualifiziert.&nbsp;&nbsp; Diese fand als einw\u00f6chige Veranstaltung zentral f\u00fcr alle Altersklassen \u00fcber Pfingsten [&hellip;]<\/p>\n","protected":false},"author":4,"featured_media":0,"comment_status":"open","ping_status":"open","sticky":false,"template":"","format":"standard","meta":{"footnotes":""},"categories":[1],"tags":[],"_links":{"self":[{"href":"https:\/\/turm-lahnstein.de\/index.php?rest_route=\/wp\/v2\/posts\/6583"}],"collection":[{"href":"https:\/\/turm-lahnstein.de\/index.php?rest_route=\/wp\/v2\/posts"}],"about":[{"href":"https:\/\/turm-lahnstein.de\/index.php?rest_route=\/wp\/v2\/types\/post"}],"author":[{"embeddable":true,"href":"https:\/\/turm-lahnstein.de\/index.php?rest_route=\/wp\/v2\/users\/4"}],"replies":[{"embeddable":true,"href":"https:\/\/turm-lahnstein.de\/index.php?rest_route=%2Fwp%2Fv2%2Fcomments&post=6583"}],"version-history":[{"count":1,"href":"https:\/\/turm-lahnstein.de\/index.php?rest_route=\/wp\/v2\/posts\/6583\/revisions"}],"predecessor-version":[{"id":6584,"href":"https:\/\/turm-lahnstein.de\/index.php?rest_route=\/wp\/v2\/posts\/6583\/revisions\/6584"}],"wp:attachment":[{"href":"https:\/\/turm-lahnstein.de\/index.php?rest_route=%2Fwp%2Fv2%2Fmedia&parent=6583"}],"wp:term":[{"taxonomy":"category","embeddable":true,"href":"https:\/\/turm-lahnstein.de\/index.php?rest_route=%2Fwp%2Fv2%2Fcategories&post=6583"},{"taxonomy":"post_tag","embeddable":true,"href":"https:\/\/turm-lahnstein.de\/index.php?rest_route=%2Fwp%2Fv2%2Ftags&post=6583"}],"curies":[{"name":"wp","href":"https:\/\/api.w.org\/{rel}","templated":true}]}}