{"id":6568,"date":"2024-05-20T20:45:40","date_gmt":"2024-05-20T20:45:40","guid":{"rendered":"https:\/\/turm-lahnstein.de\/?p=6568"},"modified":"2024-05-20T20:45:40","modified_gmt":"2024-05-20T20:45:40","slug":"2-lahnsteiner-bei-der-deutschen-jugendmeisterschaft","status":"publish","type":"post","link":"https:\/\/turm-lahnstein.de\/?p=6568","title":{"rendered":"2 Lahnsteiner bei der Deutschen Jugendmeisterschaft"},"content":{"rendered":"\n<figure class=\"wp-block-image size-full is-resized\"><img loading=\"lazy\" decoding=\"async\" width=\"616\" height=\"316\" src=\"https:\/\/turm-lahnstein.de\/wp-content\/uploads\/2024\/05\/DJEM-2024-1.png\" alt=\"\" class=\"wp-image-6569\" style=\"width:616px;height:auto\" srcset=\"https:\/\/turm-lahnstein.de\/wp-content\/uploads\/2024\/05\/DJEM-2024-1.png 616w, https:\/\/turm-lahnstein.de\/wp-content\/uploads\/2024\/05\/DJEM-2024-1-300x154.png 300w\" sizes=\"(max-width: 616px) 100vw, 616px\" \/><\/figure>\n\n\n\n<p>Leo und Fabian setzen die lange Lahnsteiner Tradition als Teilnehmer bei einer DJEM fort. Beide sind weit hinten gesetzt und hatten in den ersten Runden ausnahmslos st\u00e4rkere Gegner. Immerhin konnte Fabian schon ein Remis erk\u00e4mpfen. <\/p>\n\n\n\n<!--more-->\n\n\n\n<p>Wir w\u00fcnschen f\u00fcr die weiteren Runden viel Erfolg. Die Partien k\u00f6nnt ihr live \u00fcber die Homepage der Deutschen Schachjugend verfolgen.<\/p>\n\n\n\n<p><a href=\"https:\/\/www.deutsche-schachjugend.de\/dem2024\/\">Deutsche Jugend-Meisterschaft 2024 im Schach: Startseite 2024 (deutsche-schachjugend.de)<\/a><\/p>\n","protected":false},"excerpt":{"rendered":"<p>Leo und Fabian setzen die lange Lahnsteiner Tradition als Teilnehmer bei einer DJEM fort. Beide sind weit hinten gesetzt und hatten in den ersten Runden ausnahmslos st\u00e4rkere Gegner. Immerhin konnte [&hellip;]<\/p>\n","protected":false},"author":4,"featured_media":0,"comment_status":"open","ping_status":"open","sticky":false,"template":"","format":"standard","meta":{"footnotes":""},"categories":[1],"tags":[],"_links":{"self":[{"href":"https:\/\/turm-lahnstein.de\/index.php?rest_route=\/wp\/v2\/posts\/6568"}],"collection":[{"href":"https:\/\/turm-lahnstein.de\/index.php?rest_route=\/wp\/v2\/posts"}],"about":[{"href":"https:\/\/turm-lahnstein.de\/index.php?rest_route=\/wp\/v2\/types\/post"}],"author":[{"embeddable":true,"href":"https:\/\/turm-lahnstein.de\/index.php?rest_route=\/wp\/v2\/users\/4"}],"replies":[{"embeddable":true,"href":"https:\/\/turm-lahnstein.de\/index.php?rest_route=%2Fwp%2Fv2%2Fcomments&post=6568"}],"version-history":[{"count":1,"href":"https:\/\/turm-lahnstein.de\/index.php?rest_route=\/wp\/v2\/posts\/6568\/revisions"}],"predecessor-version":[{"id":6570,"href":"https:\/\/turm-lahnstein.de\/index.php?rest_route=\/wp\/v2\/posts\/6568\/revisions\/6570"}],"wp:attachment":[{"href":"https:\/\/turm-lahnstein.de\/index.php?rest_route=%2Fwp%2Fv2%2Fmedia&parent=6568"}],"wp:term":[{"taxonomy":"category","embeddable":true,"href":"https:\/\/turm-lahnstein.de\/index.php?rest_route=%2Fwp%2Fv2%2Fcategories&post=6568"},{"taxonomy":"post_tag","embeddable":true,"href":"https:\/\/turm-lahnstein.de\/index.php?rest_route=%2Fwp%2Fv2%2Ftags&post=6568"}],"curies":[{"name":"wp","href":"https:\/\/api.w.org\/{rel}","templated":true}]}}