{"id":6540,"date":"2024-04-29T19:03:28","date_gmt":"2024-04-29T19:03:28","guid":{"rendered":"https:\/\/turm-lahnstein.de\/?p=6540"},"modified":"2024-04-29T19:03:28","modified_gmt":"2024-04-29T19:03:28","slug":"pressebericht-zentrale-finalrunde-der-rheinland-pfalz-liga-im-schulzentrum-lahnsteinpressebericht","status":"publish","type":"post","link":"https:\/\/turm-lahnstein.de\/?p=6540","title":{"rendered":"Pressebericht: Zentrale Finalrunde der Rheinland-Pfalz-Liga im Schulzentrum LahnsteinPressebericht:"},"content":{"rendered":"\n<figure class=\"wp-block-image size-full\"><img loading=\"lazy\" decoding=\"async\" width=\"254\" height=\"248\" src=\"https:\/\/turm-lahnstein.de\/wp-content\/uploads\/2012\/09\/friedhelm_col.jpg\" alt=\"\" class=\"wp-image-68\"\/><\/figure>\n\n\n\n<p>Die letzte Runde der 2. Rheinland-Pfalz-Liga Nord wurde zentral f\u00fcr alle zehn Achtermannschaften vom Schachverein Turm Lahnstein in der Mensa des Schulzentrums Oberheckerweg ausgerichtet. Organisatorisch und sportlich war alles vorbereitet, so dass neben dem Vizepr\u00e4sidenten des Schachbundes Rheinland-Pfalz, Karsten Loof, auch der Lahnsteiner Vereinsvorsitzende Friedhelm Schneider allen spannende Spiele und einen angenehmen Aufenthalt w\u00fcnschen konnte.<\/p>\n\n\n\n<!--more-->\n\n\n\n<p>Tabellenf\u00fchrer SC Remagen-Sinzig II lie\u00df sich seinen Ein-Punkte-Vorsprung bei den Mannschaftspunkten nicht mehr nehmen und gewann gegen den SV Koblenz III mit 5 : 3.&nbsp; Verfolger SK Altenkirchen musste gegen den Ausrichter Turm Lahnstein antreten und der wollte es vor heimischer Kulisse besonders gut machen. Mit Erfolg, denn die Schachspieler vom Rhein-Lahn-Eck wiesen nach hoch spannendem Verlauf die Westerw\u00e4lder mit 4,5 : 3,5 in die Schranken. Dadurch fiel Altenkirchen auf Platz 3 zur\u00fcck, weil der Konkurrent SC Kastellaun ein besseres Brettpunkteverh\u00e4ltnis aufwies.F\u00fcr Lahnstein steht ein guter vierter Tabellenplatz mit 11 : 7 Mannschaftspunkten auf der Abschlusstabelle.&nbsp;&nbsp;&nbsp;&nbsp;&nbsp;&nbsp;&nbsp;&nbsp;<\/p>\n\n\n\n<p>Als erfolgreichste Lahnsteiner Spielerin wurde Sabrina Ley mit 5,5 Punkten aus 8 Partien als Brettmeisterin ausgezeichnet. Ebenfalls herausragende Ergebnisse steuerten Fabian Mader und Stephan B\u00fcchner mit je 5 Punkten aus 7 Partien sowie Dennis Sanner und David Meuer mit je 4,5 aus 7 bei. Die beiden Letztgenannten hatten es hierbei an den vorderen Brettern mit den im Schnitt st\u00e4rksten Gegnern zu tun.&nbsp;&nbsp;<\/p>\n","protected":false},"excerpt":{"rendered":"<p>Die letzte Runde der 2. Rheinland-Pfalz-Liga Nord wurde zentral f\u00fcr alle zehn Achtermannschaften vom Schachverein Turm Lahnstein in der Mensa des Schulzentrums Oberheckerweg ausgerichtet. Organisatorisch und sportlich war alles vorbereitet, [&hellip;]<\/p>\n","protected":false},"author":4,"featured_media":0,"comment_status":"open","ping_status":"open","sticky":false,"template":"","format":"standard","meta":{"footnotes":""},"categories":[1],"tags":[],"_links":{"self":[{"href":"https:\/\/turm-lahnstein.de\/index.php?rest_route=\/wp\/v2\/posts\/6540"}],"collection":[{"href":"https:\/\/turm-lahnstein.de\/index.php?rest_route=\/wp\/v2\/posts"}],"about":[{"href":"https:\/\/turm-lahnstein.de\/index.php?rest_route=\/wp\/v2\/types\/post"}],"author":[{"embeddable":true,"href":"https:\/\/turm-lahnstein.de\/index.php?rest_route=\/wp\/v2\/users\/4"}],"replies":[{"embeddable":true,"href":"https:\/\/turm-lahnstein.de\/index.php?rest_route=%2Fwp%2Fv2%2Fcomments&post=6540"}],"version-history":[{"count":1,"href":"https:\/\/turm-lahnstein.de\/index.php?rest_route=\/wp\/v2\/posts\/6540\/revisions"}],"predecessor-version":[{"id":6541,"href":"https:\/\/turm-lahnstein.de\/index.php?rest_route=\/wp\/v2\/posts\/6540\/revisions\/6541"}],"wp:attachment":[{"href":"https:\/\/turm-lahnstein.de\/index.php?rest_route=%2Fwp%2Fv2%2Fmedia&parent=6540"}],"wp:term":[{"taxonomy":"category","embeddable":true,"href":"https:\/\/turm-lahnstein.de\/index.php?rest_route=%2Fwp%2Fv2%2Fcategories&post=6540"},{"taxonomy":"post_tag","embeddable":true,"href":"https:\/\/turm-lahnstein.de\/index.php?rest_route=%2Fwp%2Fv2%2Ftags&post=6540"}],"curies":[{"name":"wp","href":"https:\/\/api.w.org\/{rel}","templated":true}]}}