{"id":6519,"date":"2024-04-03T15:19:57","date_gmt":"2024-04-03T15:19:57","guid":{"rendered":"https:\/\/turm-lahnstein.de\/?p=6519"},"modified":"2024-04-03T15:19:57","modified_gmt":"2024-04-03T15:19:57","slug":"pressebericht-sieben-lahnsteiner-jugendliche-bei-den-rheinland-pfalz-meisterschaften","status":"publish","type":"post","link":"https:\/\/turm-lahnstein.de\/?p=6519","title":{"rendered":"Pressebericht: Sieben Lahnsteiner Jugendliche bei den Rheinland-Pfalz-Meisterschaften"},"content":{"rendered":"\n<figure class=\"wp-block-image size-full\"><img loading=\"lazy\" decoding=\"async\" width=\"254\" height=\"248\" src=\"https:\/\/turm-lahnstein.de\/wp-content\/uploads\/2012\/09\/friedhelm_col.jpg\" alt=\"\" class=\"wp-image-68\"\/><\/figure>\n\n\n\n<p>Zu den Rheinland-Pfalz-Einzelmeisterschaften f\u00fchrt im Schach wie auch in vielen anderen Sportarten ein beschwerlicher Qualifikationsweg \u00fcber Bezirks- und Rheinlandmeisterschaften. Der Schachverein Turm Lahnstein ist in diesem Jahr stolz, mit insgesamt sieben Kindern und Jugendlichen einer der zahlenm\u00e4\u00dfig am st\u00e4rksten vertretenen Vereine bei der Landesjugendmeisterschaft zu sein.\u00a0<\/p>\n\n\n\n<!--more-->\n\n\n\n<p>Die j\u00fcngste Altersklasse U 10 absolvierte ihr Turnier in Landau\/Pfalz. Unter den 25 Teilnehmern im Jungenturnier konnten die Lahnsteiner Til Ke\u00dfler und Jaron Lenz ihr am ersten Turniertag vorgelegtes Ergebnis am zweiten Tag leider nicht halten, so dass sie sich mit 3 bzw. 2,5 Punkten aus&nbsp; sieben Partien mit Pl\u00e4tzen in der zweiten Tabellenh\u00e4lfte zufrieden geben mussten. Lea Hoppe war im Turnier der acht M\u00e4dchen U 10 am zweiten Tag gesundheitlich angeschlagen, so dass sie nicht \u00fcber einen Punkt und den siebten Rang hinaus kam.<\/p>\n\n\n\n<p>Das Turnier der \u00e4lteren Klassen fand gemeinsam in der Jugendherberge Trier statt. Den Vogel schoss dabei Fabian Mader ab, der als Mitfavorit in der U 16 die erste Runde \u00fcberraschend verlor, dann aber die Nerven behielt, seine st\u00e4rksten Widersacher in spannenden Duellen bezwang und sich mit 5,5 Punkten aus 7 Partien doch noch den Landesmeistertitel sicherte. Lohn ist die Teilnahme an der Deutschen Einzelmeisterschaft in der Pfingstwoche in Willingen\/Hochsauerland. &nbsp; Ebenfalls hervorragende Ergebnisse bedeuten die jeweils dritten Pl\u00e4tze von Joshua Lenz in der U 18 und von Leo Ke\u00dfler in der U 14. Beide erk\u00e4mpften je 4,5 Punkte aus 7 Partien und best\u00e4tigten ihre Position als Mitfavoriten in ihrer Altersklasse. In der U 12 spielte Jonah Klinkner munter mit, freute sich \u00fcber 2,5 Punkte aus sieben und sammelte wichtige Erfahrungen auf<\/p>\n","protected":false},"excerpt":{"rendered":"<p>Zu den Rheinland-Pfalz-Einzelmeisterschaften f\u00fchrt im Schach wie auch in vielen anderen Sportarten ein beschwerlicher Qualifikationsweg \u00fcber Bezirks- und Rheinlandmeisterschaften. Der Schachverein Turm Lahnstein ist in diesem Jahr stolz, mit insgesamt [&hellip;]<\/p>\n","protected":false},"author":4,"featured_media":0,"comment_status":"open","ping_status":"open","sticky":false,"template":"","format":"standard","meta":{"footnotes":""},"categories":[1],"tags":[],"_links":{"self":[{"href":"https:\/\/turm-lahnstein.de\/index.php?rest_route=\/wp\/v2\/posts\/6519"}],"collection":[{"href":"https:\/\/turm-lahnstein.de\/index.php?rest_route=\/wp\/v2\/posts"}],"about":[{"href":"https:\/\/turm-lahnstein.de\/index.php?rest_route=\/wp\/v2\/types\/post"}],"author":[{"embeddable":true,"href":"https:\/\/turm-lahnstein.de\/index.php?rest_route=\/wp\/v2\/users\/4"}],"replies":[{"embeddable":true,"href":"https:\/\/turm-lahnstein.de\/index.php?rest_route=%2Fwp%2Fv2%2Fcomments&post=6519"}],"version-history":[{"count":1,"href":"https:\/\/turm-lahnstein.de\/index.php?rest_route=\/wp\/v2\/posts\/6519\/revisions"}],"predecessor-version":[{"id":6520,"href":"https:\/\/turm-lahnstein.de\/index.php?rest_route=\/wp\/v2\/posts\/6519\/revisions\/6520"}],"wp:attachment":[{"href":"https:\/\/turm-lahnstein.de\/index.php?rest_route=%2Fwp%2Fv2%2Fmedia&parent=6519"}],"wp:term":[{"taxonomy":"category","embeddable":true,"href":"https:\/\/turm-lahnstein.de\/index.php?rest_route=%2Fwp%2Fv2%2Fcategories&post=6519"},{"taxonomy":"post_tag","embeddable":true,"href":"https:\/\/turm-lahnstein.de\/index.php?rest_route=%2Fwp%2Fv2%2Ftags&post=6519"}],"curies":[{"name":"wp","href":"https:\/\/api.w.org\/{rel}","templated":true}]}}