{"id":6498,"date":"2024-03-21T18:29:29","date_gmt":"2024-03-21T18:29:29","guid":{"rendered":"https:\/\/turm-lahnstein.de\/?p=6498"},"modified":"2024-03-21T18:29:29","modified_gmt":"2024-03-21T18:29:29","slug":"pressebericht-unsichere-platzierungen-beim-saisonabschluss","status":"publish","type":"post","link":"https:\/\/turm-lahnstein.de\/?p=6498","title":{"rendered":"Pressebericht: Unsichere Platzierungen beim Saisonabschluss"},"content":{"rendered":"\n<figure class=\"wp-block-image size-full\"><img loading=\"lazy\" decoding=\"async\" width=\"254\" height=\"248\" src=\"https:\/\/turm-lahnstein.de\/wp-content\/uploads\/2012\/09\/friedhelm_col.jpg\" alt=\"\" class=\"wp-image-68\"\/><\/figure>\n\n\n\n<p>Relativ fr\u00fch endeten in diesem Spieljahr die Mannschaftsk\u00e4mpfe der Rheinland-Liga und der A-Klasse Rhein-Nahe. Sowohl die zweite wie auch die dritte Mannschaft des Schachvereins Turm Lahnstein k\u00f6nnen mit ihrer Endplatzierung nicht zufrieden sein, denn beide Vertretungen kamen \u00fcber den jeweils vorletzten Rang nicht hinaus. Ob damit der Klassenerhalt gesichert ist, zeigt sich erst in den n\u00e4chsten Wochen, wenn die h\u00f6heren Klassen ihr Spieljahr abgeschlossen haben und die Zahl der Absteiger feststeht.<\/p>\n\n\n\n<!--more-->\n\n\n\n<p>Der zweiten Mannschaft der Lahnsteiner gelang in der letzten Runde mit einem 3,5:3,5 Unentschieden gegen den neuen Meister der Rheinlandliga, den SC Einrich, ein Achtungserfolg. &nbsp;Wie wichtig dieser war, zeigt sich, da nur dieser Punktgewinn sicherstellen konnte, dass der&nbsp;<\/p>\n\n\n\n<p>punktgleiche Tabellen letzte hinter Lahnstein bleiben musste. 5 : 11 Mannschaftspunkte reichten zum neunten Rang von zehn Mannschaften.&nbsp; Die Lahnsteiner Mannschaft hatte die ganze Saison \u00fcber mit Aufstellungsproblemen zu k\u00e4mpfen. Darauf deutet auch die Tatsache, dass f\u00fcr die sieben Bretter insgesamt vierzehn verschiedene Spieler zum Einsatz kamen. Das beste Einzelergebnis erzielte Lasse Werling mit 4,5 Punkten aus acht Partien. Auch Leo Ke\u00dfler und Hans-Joachim Will blieben mit je 3,5 aus sechs Partien knapp \u00fcber der 50%Marke. Peter Schreieck und Michael Linke spielten als einzige alle neun Partien, blieben aber unter der H\u00e4lfte der m\u00f6glichen Punkte.<\/p>\n\n\n\n<p>Die dritte Mannschaft landete als Aufsteiger in der A-Klasse letztlich \u00fcberraschend auf dem vorletzten Platz. Durch besondere Umst\u00e4nde spielten nur acht Mannschaften und dass Lahnstein III mit 6 : 8 Mannschaftspunkten \u2013 also fast ausgeglichenem Konto &#8211;&nbsp; letztlich nur Siebter wurde, ist der Tatsache geschuldet, dass alle Mannschaften sehr eng beisammen lagen. Die meisten Punkte von den neun insgesamt eingesetzten Spielern&nbsp; holten Martin Schmidt mit 3 aus 5 und Michael Sefeloge mit 2,5 aus 6 Partien.&nbsp;&nbsp;&nbsp;&nbsp;&nbsp;<\/p>\n","protected":false},"excerpt":{"rendered":"<p>Relativ fr\u00fch endeten in diesem Spieljahr die Mannschaftsk\u00e4mpfe der Rheinland-Liga und der A-Klasse Rhein-Nahe. Sowohl die zweite wie auch die dritte Mannschaft des Schachvereins Turm Lahnstein k\u00f6nnen mit ihrer Endplatzierung [&hellip;]<\/p>\n","protected":false},"author":4,"featured_media":0,"comment_status":"open","ping_status":"open","sticky":false,"template":"","format":"standard","meta":{"footnotes":""},"categories":[1],"tags":[],"_links":{"self":[{"href":"https:\/\/turm-lahnstein.de\/index.php?rest_route=\/wp\/v2\/posts\/6498"}],"collection":[{"href":"https:\/\/turm-lahnstein.de\/index.php?rest_route=\/wp\/v2\/posts"}],"about":[{"href":"https:\/\/turm-lahnstein.de\/index.php?rest_route=\/wp\/v2\/types\/post"}],"author":[{"embeddable":true,"href":"https:\/\/turm-lahnstein.de\/index.php?rest_route=\/wp\/v2\/users\/4"}],"replies":[{"embeddable":true,"href":"https:\/\/turm-lahnstein.de\/index.php?rest_route=%2Fwp%2Fv2%2Fcomments&post=6498"}],"version-history":[{"count":1,"href":"https:\/\/turm-lahnstein.de\/index.php?rest_route=\/wp\/v2\/posts\/6498\/revisions"}],"predecessor-version":[{"id":6499,"href":"https:\/\/turm-lahnstein.de\/index.php?rest_route=\/wp\/v2\/posts\/6498\/revisions\/6499"}],"wp:attachment":[{"href":"https:\/\/turm-lahnstein.de\/index.php?rest_route=%2Fwp%2Fv2%2Fmedia&parent=6498"}],"wp:term":[{"taxonomy":"category","embeddable":true,"href":"https:\/\/turm-lahnstein.de\/index.php?rest_route=%2Fwp%2Fv2%2Fcategories&post=6498"},{"taxonomy":"post_tag","embeddable":true,"href":"https:\/\/turm-lahnstein.de\/index.php?rest_route=%2Fwp%2Fv2%2Ftags&post=6498"}],"curies":[{"name":"wp","href":"https:\/\/api.w.org\/{rel}","templated":true}]}}