{"id":6450,"date":"2024-02-22T09:22:10","date_gmt":"2024-02-22T09:22:10","guid":{"rendered":"https:\/\/turm-lahnstein.de\/?p=6450"},"modified":"2024-02-22T09:22:10","modified_gmt":"2024-02-22T09:22:10","slug":"pressebericht-niederlage-fuer-lahnsteins-erste","status":"publish","type":"post","link":"https:\/\/turm-lahnstein.de\/?p=6450","title":{"rendered":"Pressebericht: Niederlage f\u00fcr Lahnsteins Erste\u00a0\u00a0"},"content":{"rendered":"\n<figure class=\"wp-block-image size-full\"><img loading=\"lazy\" decoding=\"async\" width=\"254\" height=\"248\" src=\"https:\/\/turm-lahnstein.de\/wp-content\/uploads\/2012\/09\/friedhelm_col.jpg\" alt=\"\" class=\"wp-image-68\"\/><\/figure>\n\n\n\n<p>In der aktuellen Runde der 2. Rheinland-Pfalz-Liga musste die erste Mannschaft des Schachvereins Turm Lahnstein eine empfindliche 3 : 5 Niederlage gegen den SC Kettig hinnehmen.<\/p>\n\n\n\n<!--more-->\n\n\n\n<p>Durch den krankheitsbedingten kurzfristigen Ausfall eines Spielers konnten die Rhein-Lahn-St\u00e4dter nicht komplett antreten und lagen von Anfang an 0 : 1 im Hintertreffen.&nbsp; Die \u00fcbrigen sieben Partien verliefen unter zum Teil gut bekannten Gegnern lange Zeit zwar spannend, aber ohne erkennbaren Vorteil f\u00fcr den einen oder anderen. Leider gerieten dann an den mittleren Brettern Julian Voss, Friedhelm Schneider und die bis dahin noch ungeschlagene Sabrina Ley in Nachteil, was den Vorsprung der G\u00e4ste deutlich erh\u00f6hte. Remisen f\u00fcr Lahnstein erk\u00e4mpften Kai Mailitis und David Meuer an den Brettern zwei und drei. Ihre Partien gewannen Dennis Sanner am ersten und Joshua Lenz am achten Brett. Leider stand damit unter dem Strich ein 3 : 5 gegen die Schachfreunde aus Lahnstein.&nbsp;&nbsp;<\/p>\n","protected":false},"excerpt":{"rendered":"<p>In der aktuellen Runde der 2. Rheinland-Pfalz-Liga musste die erste Mannschaft des Schachvereins Turm Lahnstein eine empfindliche 3 : 5 Niederlage gegen den SC Kettig hinnehmen.<\/p>\n","protected":false},"author":4,"featured_media":0,"comment_status":"open","ping_status":"open","sticky":false,"template":"","format":"standard","meta":{"footnotes":""},"categories":[1],"tags":[],"_links":{"self":[{"href":"https:\/\/turm-lahnstein.de\/index.php?rest_route=\/wp\/v2\/posts\/6450"}],"collection":[{"href":"https:\/\/turm-lahnstein.de\/index.php?rest_route=\/wp\/v2\/posts"}],"about":[{"href":"https:\/\/turm-lahnstein.de\/index.php?rest_route=\/wp\/v2\/types\/post"}],"author":[{"embeddable":true,"href":"https:\/\/turm-lahnstein.de\/index.php?rest_route=\/wp\/v2\/users\/4"}],"replies":[{"embeddable":true,"href":"https:\/\/turm-lahnstein.de\/index.php?rest_route=%2Fwp%2Fv2%2Fcomments&post=6450"}],"version-history":[{"count":2,"href":"https:\/\/turm-lahnstein.de\/index.php?rest_route=\/wp\/v2\/posts\/6450\/revisions"}],"predecessor-version":[{"id":6452,"href":"https:\/\/turm-lahnstein.de\/index.php?rest_route=\/wp\/v2\/posts\/6450\/revisions\/6452"}],"wp:attachment":[{"href":"https:\/\/turm-lahnstein.de\/index.php?rest_route=%2Fwp%2Fv2%2Fmedia&parent=6450"}],"wp:term":[{"taxonomy":"category","embeddable":true,"href":"https:\/\/turm-lahnstein.de\/index.php?rest_route=%2Fwp%2Fv2%2Fcategories&post=6450"},{"taxonomy":"post_tag","embeddable":true,"href":"https:\/\/turm-lahnstein.de\/index.php?rest_route=%2Fwp%2Fv2%2Ftags&post=6450"}],"curies":[{"name":"wp","href":"https:\/\/api.w.org\/{rel}","templated":true}]}}