{"id":6433,"date":"2024-02-08T07:57:28","date_gmt":"2024-02-08T07:57:28","guid":{"rendered":"https:\/\/turm-lahnstein.de\/?p=6433"},"modified":"2024-02-08T07:57:28","modified_gmt":"2024-02-08T07:57:28","slug":"pressebericht-sieg-gegen-einen-grossmeister","status":"publish","type":"post","link":"https:\/\/turm-lahnstein.de\/?p=6433","title":{"rendered":"Pressebericht: Sieg gegen einen Gro\u00dfmeister!"},"content":{"rendered":"\n<figure class=\"wp-block-image size-full\"><img loading=\"lazy\" decoding=\"async\" width=\"254\" height=\"248\" src=\"https:\/\/turm-lahnstein.de\/wp-content\/uploads\/2012\/09\/friedhelm_col.jpg\" alt=\"\" class=\"wp-image-68\"\/><\/figure>\n\n\n\n<p>Zwei der ambitionierten Jugendlichen des Schachvereins Turm Lahnstein kehrten mit tollen Ergebnissen von einem dreit\u00e4gigen Turnier in Br\u00fchl bei K\u00f6ln zur\u00fcck. Im \u00e4u\u00dferst stark international besetzten A-Turnier mit 117 Teilnehmern gelang beiden Lahnsteinern schon in der ersten Runde ein Paukenschlag. David Meuer gewann sensationell gegen den Internationalen Gro\u00dfmeister Bagrationi aus Israel, der im weiteren Turnierverlauf keine Partie mehr verlor. Joshua Lenz bezwang einen ebenfalls international erfahrenen FIDE-Meister des Weltschachbundes\u00a0 In allen f\u00fcnf Runden warteten nominell st\u00e4rkere Gegner auf die beiden Lahnsteiner, die sich herausragend schlugen und schlie\u00dflich mit je 2,5 Punkten die Pl\u00e4tze 47 und 53 im Endklassement belegten. Das sorgt f\u00fcr Motivation bei k\u00fcnftigen Aufgaben.\u00a0\u00a0\u00a0\u00a0\u00a0<\/p>\n\n\n\n<!--more-->\n\n\n\n<p>Die Trainings- und Spielabende des Schachvereins finden jeden Freitag im Johannes-Gymnasium statt. Der Eingang erfolgt von der Stolzenfelsstra\u00dfe. Kinder und Jugendliche treffen sich ab 18.15 Uhr, die Erwachsenen ab 19.30 Uhr. Auch w\u00e4hrend der laufenden Vereinsmeisterschaft sind ausreichend Spielpartner au\u00dferhalb des Turniers vorhanden.&nbsp;&nbsp;&nbsp;&nbsp;<\/p>\n","protected":false},"excerpt":{"rendered":"<p>Zwei der ambitionierten Jugendlichen des Schachvereins Turm Lahnstein kehrten mit tollen Ergebnissen von einem dreit\u00e4gigen Turnier in Br\u00fchl bei K\u00f6ln zur\u00fcck. Im \u00e4u\u00dferst stark international besetzten A-Turnier mit 117 Teilnehmern [&hellip;]<\/p>\n","protected":false},"author":4,"featured_media":0,"comment_status":"open","ping_status":"open","sticky":false,"template":"","format":"standard","meta":{"footnotes":""},"categories":[1],"tags":[],"_links":{"self":[{"href":"https:\/\/turm-lahnstein.de\/index.php?rest_route=\/wp\/v2\/posts\/6433"}],"collection":[{"href":"https:\/\/turm-lahnstein.de\/index.php?rest_route=\/wp\/v2\/posts"}],"about":[{"href":"https:\/\/turm-lahnstein.de\/index.php?rest_route=\/wp\/v2\/types\/post"}],"author":[{"embeddable":true,"href":"https:\/\/turm-lahnstein.de\/index.php?rest_route=\/wp\/v2\/users\/4"}],"replies":[{"embeddable":true,"href":"https:\/\/turm-lahnstein.de\/index.php?rest_route=%2Fwp%2Fv2%2Fcomments&post=6433"}],"version-history":[{"count":1,"href":"https:\/\/turm-lahnstein.de\/index.php?rest_route=\/wp\/v2\/posts\/6433\/revisions"}],"predecessor-version":[{"id":6434,"href":"https:\/\/turm-lahnstein.de\/index.php?rest_route=\/wp\/v2\/posts\/6433\/revisions\/6434"}],"wp:attachment":[{"href":"https:\/\/turm-lahnstein.de\/index.php?rest_route=%2Fwp%2Fv2%2Fmedia&parent=6433"}],"wp:term":[{"taxonomy":"category","embeddable":true,"href":"https:\/\/turm-lahnstein.de\/index.php?rest_route=%2Fwp%2Fv2%2Fcategories&post=6433"},{"taxonomy":"post_tag","embeddable":true,"href":"https:\/\/turm-lahnstein.de\/index.php?rest_route=%2Fwp%2Fv2%2Ftags&post=6433"}],"curies":[{"name":"wp","href":"https:\/\/api.w.org\/{rel}","templated":true}]}}