{"id":6411,"date":"2024-01-11T08:07:31","date_gmt":"2024-01-11T08:07:31","guid":{"rendered":"https:\/\/turm-lahnstein.de\/?p=6411"},"modified":"2024-01-11T08:07:59","modified_gmt":"2024-01-11T08:07:59","slug":"zehn-lahnsteiner-jugendliche-bei-der-rheinlandmeisterschaft","status":"publish","type":"post","link":"https:\/\/turm-lahnstein.de\/?p=6411","title":{"rendered":"Pressebericht: Zehn Lahnsteiner Jugendliche bei der Rheinlandmeisterschaft"},"content":{"rendered":"\n<figure class=\"wp-block-image size-full\"><img loading=\"lazy\" decoding=\"async\" width=\"254\" height=\"248\" src=\"https:\/\/turm-lahnstein.de\/wp-content\/uploads\/2012\/09\/friedhelm_col.jpg\" alt=\"\" class=\"wp-image-68\"\/><\/figure>\n\n\n\n<p>Die Jugendmeisterschaften des Schachverbandes Rheinland fanden in der ersten Januarwoche in der Jugendherberge Leutesdorf statt. Vom Schachverein Turm Lahnstein hatten sich insgesamt zehn Kinder und Jugendliche \u00fcber vordere Platzierungen bei der Bezirksmeisterschaft f\u00fcr die Rheinlandebene qualifiziert.<\/p>\n\n\n\n<!--more-->\n\n\n\n<p>In der Altersklasse U 14 holte sich Leo Ke\u00dfler mit 6,5 Punkten aus sieben Partien souver\u00e4n mit 1,5 Punkten Vorsprung den Titel des Rheinlandmeisters \u2013 ein toller Erfolg.&nbsp; Einen Vizemeistertitel sicherte sich Joshua Lenz in der Altersklasse der \u201e\u00c4ltesten\u201c (U 18). Der zweite Lahnsteiner in dieser Klasse, Lasse Werling, war mit seinem siebten Rang nicht zufrieden.&nbsp;&nbsp;<\/p>\n\n\n\n<p>Bei den J\u00fcngsten, der U 8, bei denen Jungen und M\u00e4dchen zusammenspielten, musste Lennard Sunaga nur einem Jungen und einem M\u00e4dchen den Vortritt lassen und sicherte sich den dritten Platz im Gesamtfeld. Bei den M\u00e4dchen U 10 schob sich Lea Hoppe durch einen Endspurt ebenfalls noch auf den dritten Platz nach vorne. Bei den Jungen U 10 hatten Jaron Lenz und Til Ke\u00dfler das ganze Turnier \u00fcber vordere Pl\u00e4tze im Visier und freuten sich am Ende \u00fcber die Pl\u00e4tze vier und f\u00fcnf.&nbsp; Im mit achtzehn Teilnehmern gr\u00f6\u00dften Feld der Altersklasse U 12 kam Jonah Klinkner mit der H\u00e4lfte der m\u00f6glichen Punkte auf einen sch\u00f6nen Mittelfeldplatz.&nbsp; Leider lief bei Sora Redert (U 12 w) und Patrick Br\u00fchl (U 16) kaum etwas zusammen, aber es kommen auch wieder erfolgreichere Turniere.&nbsp;<\/p>\n","protected":false},"excerpt":{"rendered":"<p>Die Jugendmeisterschaften des Schachverbandes Rheinland fanden in der ersten Januarwoche in der Jugendherberge Leutesdorf statt. Vom Schachverein Turm Lahnstein hatten sich insgesamt zehn Kinder und Jugendliche \u00fcber vordere Platzierungen bei [&hellip;]<\/p>\n","protected":false},"author":4,"featured_media":0,"comment_status":"open","ping_status":"open","sticky":false,"template":"","format":"standard","meta":{"footnotes":""},"categories":[1],"tags":[],"_links":{"self":[{"href":"https:\/\/turm-lahnstein.de\/index.php?rest_route=\/wp\/v2\/posts\/6411"}],"collection":[{"href":"https:\/\/turm-lahnstein.de\/index.php?rest_route=\/wp\/v2\/posts"}],"about":[{"href":"https:\/\/turm-lahnstein.de\/index.php?rest_route=\/wp\/v2\/types\/post"}],"author":[{"embeddable":true,"href":"https:\/\/turm-lahnstein.de\/index.php?rest_route=\/wp\/v2\/users\/4"}],"replies":[{"embeddable":true,"href":"https:\/\/turm-lahnstein.de\/index.php?rest_route=%2Fwp%2Fv2%2Fcomments&post=6411"}],"version-history":[{"count":2,"href":"https:\/\/turm-lahnstein.de\/index.php?rest_route=\/wp\/v2\/posts\/6411\/revisions"}],"predecessor-version":[{"id":6413,"href":"https:\/\/turm-lahnstein.de\/index.php?rest_route=\/wp\/v2\/posts\/6411\/revisions\/6413"}],"wp:attachment":[{"href":"https:\/\/turm-lahnstein.de\/index.php?rest_route=%2Fwp%2Fv2%2Fmedia&parent=6411"}],"wp:term":[{"taxonomy":"category","embeddable":true,"href":"https:\/\/turm-lahnstein.de\/index.php?rest_route=%2Fwp%2Fv2%2Fcategories&post=6411"},{"taxonomy":"post_tag","embeddable":true,"href":"https:\/\/turm-lahnstein.de\/index.php?rest_route=%2Fwp%2Fv2%2Ftags&post=6411"}],"curies":[{"name":"wp","href":"https:\/\/api.w.org\/{rel}","templated":true}]}}