{"id":6354,"date":"2023-11-23T09:08:38","date_gmt":"2023-11-23T09:08:38","guid":{"rendered":"https:\/\/turm-lahnstein.de\/?p=6354"},"modified":"2023-11-23T09:08:38","modified_gmt":"2023-11-23T09:08:38","slug":"pressebericht-aktuelles-von-den-mannschaften","status":"publish","type":"post","link":"https:\/\/turm-lahnstein.de\/?p=6354","title":{"rendered":"Pressebericht: Aktuelles von den Mannschaften"},"content":{"rendered":"\n<figure class=\"wp-block-image size-full\"><img loading=\"lazy\" decoding=\"async\" width=\"254\" height=\"248\" src=\"https:\/\/turm-lahnstein.de\/wp-content\/uploads\/2012\/09\/friedhelm_col.jpg\" alt=\"\" class=\"wp-image-68\"\/><\/figure>\n\n\n\n<p>In der Rheinlandliga und den Rheinland-Pfalz-Ligen sind drei bzw. vier Runden gespielt. Die Mannschaften des Schachverein Turm Lahnstein weisen bisher zwar negative Punkteverh\u00e4ltnisse auf, haben aber berechtigte Hoffnungen, dies im weiteren Spieljahr umzukehren.<\/p>\n\n\n\n<!--more-->\n\n\n\n<p>Die erste Mannschaft hatte in den ersten drei Runden bereits zwei Meisterschaftsanw\u00e4rter als Gegner, so dass zwei knappe Niederlagen und ein Unentschieden beim 4 : 4 in Remagen\/Sinzig gegen die zweite Mannschaft des Erstbundesligisten nicht f\u00fcr Verzweiflung sorgen m\u00fcssen. Beim dramatischen 4 : 4 in der dritten Runde beim Tabellenf\u00fchrer Remagen\/Sinzig II war die spielerische und k\u00e4mpferische Substanz, die die Lahnsteiner einbringen, schon deutlich zu erkennen. Volle Punkte f\u00fcr Lahnstein erzielten David Meuer (Brett 3), Fabian Mader (Brett 4) und Sabrina Ley (Brett 5). Friedhelm Schneider und Stephan B\u00fcchner an den Brettern 6 und 7 steuerten je ein Remis bei. Dennis Sanner, Kai Mailitis und Joshua Lenz an den Brettern 1,2 und 8 mussten sich geschlagen bekennen.\u00a0\u00a0\u00a0\u00a0\u00a0<\/p>\n\n\n\n<p>Dass das Spieljahr f\u00fcr die zweite Mannschaft in der Rheinland-Liga nicht leicht sein w\u00fcrde, war abzusehen. Nach vier Runden und 2 : 6 Mannschaftspunkten ist aber auch noch alles drin. Das Spiel der vierten Runde&nbsp; beim SV G\u00fcls ging mit 2,5:4,5 verloren. Peter Schreieck (Brett 2) gewann als Einziger seine Partie und Michael Linke, Kurt Sanner und Tim Gr\u00fcttner an den Brettern 3, 6 und 7 erzielten je ein Remis.&nbsp; Leider gingen an diesem Tag Markus M\u00fcller, Lasse Werling und Hans-Joachim Will (Bretter 1, 4 und 5) leer aus.<\/p>\n","protected":false},"excerpt":{"rendered":"<p>In der Rheinlandliga und den Rheinland-Pfalz-Ligen sind drei bzw. vier Runden gespielt. Die Mannschaften des Schachverein Turm Lahnstein weisen bisher zwar negative Punkteverh\u00e4ltnisse auf, haben aber berechtigte Hoffnungen, dies im [&hellip;]<\/p>\n","protected":false},"author":4,"featured_media":0,"comment_status":"open","ping_status":"open","sticky":false,"template":"","format":"standard","meta":{"footnotes":""},"categories":[1],"tags":[],"_links":{"self":[{"href":"https:\/\/turm-lahnstein.de\/index.php?rest_route=\/wp\/v2\/posts\/6354"}],"collection":[{"href":"https:\/\/turm-lahnstein.de\/index.php?rest_route=\/wp\/v2\/posts"}],"about":[{"href":"https:\/\/turm-lahnstein.de\/index.php?rest_route=\/wp\/v2\/types\/post"}],"author":[{"embeddable":true,"href":"https:\/\/turm-lahnstein.de\/index.php?rest_route=\/wp\/v2\/users\/4"}],"replies":[{"embeddable":true,"href":"https:\/\/turm-lahnstein.de\/index.php?rest_route=%2Fwp%2Fv2%2Fcomments&post=6354"}],"version-history":[{"count":1,"href":"https:\/\/turm-lahnstein.de\/index.php?rest_route=\/wp\/v2\/posts\/6354\/revisions"}],"predecessor-version":[{"id":6355,"href":"https:\/\/turm-lahnstein.de\/index.php?rest_route=\/wp\/v2\/posts\/6354\/revisions\/6355"}],"wp:attachment":[{"href":"https:\/\/turm-lahnstein.de\/index.php?rest_route=%2Fwp%2Fv2%2Fmedia&parent=6354"}],"wp:term":[{"taxonomy":"category","embeddable":true,"href":"https:\/\/turm-lahnstein.de\/index.php?rest_route=%2Fwp%2Fv2%2Fcategories&post=6354"},{"taxonomy":"post_tag","embeddable":true,"href":"https:\/\/turm-lahnstein.de\/index.php?rest_route=%2Fwp%2Fv2%2Ftags&post=6354"}],"curies":[{"name":"wp","href":"https:\/\/api.w.org\/{rel}","templated":true}]}}