{"id":6346,"date":"2023-11-13T09:48:47","date_gmt":"2023-11-13T09:48:47","guid":{"rendered":"https:\/\/turm-lahnstein.de\/?p=6346"},"modified":"2023-11-13T09:51:21","modified_gmt":"2023-11-13T09:51:21","slug":"simultan-des-vereinsmeisters-2022-fabian-mader","status":"publish","type":"post","link":"https:\/\/turm-lahnstein.de\/?p=6346","title":{"rendered":"Simultan des Vereinsmeisters 2022 Fabian Mader"},"content":{"rendered":"\n<figure class=\"wp-block-image size-large\"><img loading=\"lazy\" decoding=\"async\" width=\"1024\" height=\"768\" src=\"https:\/\/turm-lahnstein.de\/wp-content\/uploads\/2023\/11\/SimuFab_02-1024x768.jpg\" alt=\"\" class=\"wp-image-6347\" srcset=\"https:\/\/turm-lahnstein.de\/wp-content\/uploads\/2023\/11\/SimuFab_02-1024x768.jpg 1024w, https:\/\/turm-lahnstein.de\/wp-content\/uploads\/2023\/11\/SimuFab_02-300x225.jpg 300w, https:\/\/turm-lahnstein.de\/wp-content\/uploads\/2023\/11\/SimuFab_02-768x576.jpg 768w, https:\/\/turm-lahnstein.de\/wp-content\/uploads\/2023\/11\/SimuFab_02-1536x1152.jpg 1536w, https:\/\/turm-lahnstein.de\/wp-content\/uploads\/2023\/11\/SimuFab_02-2048x1536.jpg 2048w\" sizes=\"(max-width: 1024px) 100vw, 1024px\" \/><\/figure>\n\n\n\n<p>Nachdem das Simultan 2022 wegen Terminmangels ausfiel,  wurde es nun ein Jahr sp\u00e4ter nachgeholt. Hier ein Bericht unseres Turnierleiters Michael Linke:<\/p>\n\n\n\n<!--more-->\n\n\n\n<p>Liebe Schachfreunde,<br>am letzten Freitag-Abend fand das zweite Simultan dieses Jahres statt mit<br>Fabian Mader, Vereinsmeister 2022.<br>Gegen 10 Gegner konnte Fabian das Duell, ebenso wie Joshua Lenz zuvor, f\u00fcr<br>sich entscheiden.<br>Gegen unseren 1. Vorsitzenden Friedhelm lief Fabian schon in der Er\u00f6ffnung in<br>eine taktische Mittelspielfalle und gab nach 30 Minuten auf. Kurze Zeit sp\u00e4ter<br>gewann Fabian gegen unser neues Mitglied Achim Daniel und glich damit zum<br>1:1 aus.<br>Peter Schreieck bot Fabian in gleicher Stellung Remis an, was Fabian ablehnte,<br>sp\u00e4ter verlor Fabian aber das Endspiel. Trotzdem Respekt vor Fabian, der<br>versuchte, alle Partien auszuk\u00e4mpfen, auch wenn die Partie gegen Peter<br>verloren ging.<br>In meiner Partie stellte Fabian den wichtigen Zentrumsbauern e4 ein, er<br>k\u00e4mpfte, aber das Endspiel konnte Fabian nicht mehr halten.<br>Gegen Peter Ley hatte Fabian einen schweren Stand gegen das kombinierte<br>taktische und positionelle Pressing und gab auf gegen zwei verbundene<br>Freibauern, unterst\u00fctzt vom schwarzfeldrigen L\u00e4ufer. Leider hat sich Peter vom<br>Turnierschach zur\u00fcckgezogen.<br>Leo Kessler hatte formal alles richtig gemacht, hatte seinen entfernten<br>Freibauern auf der h-Linie mit Unterst\u00fctzung des K\u00f6nigs zur Dame gef\u00fchrt.<br>Fabian musste den Turm gegen die Dame geben und Leo hatte damit einen<br>ganzen Turm mehr. Leider musste er diesen nun auch geben f\u00fcr einen von<br>Fabian geschaffenen Freibauern auf der e-Linie und damit zeigt sich, dass Leos<br>K\u00f6nig auf h1 zu weit entfernt stand und Fabians aktiver K\u00f6nig im Zentrum<br>entschied die Partie im Bauernendspiel.<br>Gegen die restlichen Spieler siegte Fabian recht m\u00fchelos und gewann seinen<br>Simultankampf verdient mit 6:4 Punkten. Gratulation!<\/p>\n\n\n\n<div data-wp-interactive=\"\" class=\"wp-block-file\"><object data-wp-bind--hidden=\"!selectors.core.file.hasPdfPreview\" hidden class=\"wp-block-file__embed\" data=\"https:\/\/turm-lahnstein.de\/wp-content\/uploads\/2023\/11\/Tabelle_SimuFab_2023.pdf\" type=\"application\/pdf\" style=\"width:100%;height:600px\" aria-label=\"Einbettung von Einbettung von Tabelle_SimuFab_2023..\"><\/object><a href=\"https:\/\/turm-lahnstein.de\/wp-content\/uploads\/2023\/11\/Tabelle_SimuFab_2023.pdf\">Tabelle_SimuFab_2023<\/a><a href=\"https:\/\/turm-lahnstein.de\/wp-content\/uploads\/2023\/11\/Tabelle_SimuFab_2023.pdf\" class=\"wp-block-file__button\" download>Herunterladen<\/a><\/div>\n","protected":false},"excerpt":{"rendered":"<p>Nachdem das Simultan 2022 wegen Terminmangels ausfiel, wurde es nun ein Jahr sp\u00e4ter nachgeholt. Hier ein Bericht unseres Turnierleiters Michael Linke:<\/p>\n","protected":false},"author":4,"featured_media":0,"comment_status":"open","ping_status":"open","sticky":false,"template":"","format":"standard","meta":{"footnotes":""},"categories":[1],"tags":[],"_links":{"self":[{"href":"https:\/\/turm-lahnstein.de\/index.php?rest_route=\/wp\/v2\/posts\/6346"}],"collection":[{"href":"https:\/\/turm-lahnstein.de\/index.php?rest_route=\/wp\/v2\/posts"}],"about":[{"href":"https:\/\/turm-lahnstein.de\/index.php?rest_route=\/wp\/v2\/types\/post"}],"author":[{"embeddable":true,"href":"https:\/\/turm-lahnstein.de\/index.php?rest_route=\/wp\/v2\/users\/4"}],"replies":[{"embeddable":true,"href":"https:\/\/turm-lahnstein.de\/index.php?rest_route=%2Fwp%2Fv2%2Fcomments&post=6346"}],"version-history":[{"count":2,"href":"https:\/\/turm-lahnstein.de\/index.php?rest_route=\/wp\/v2\/posts\/6346\/revisions"}],"predecessor-version":[{"id":6350,"href":"https:\/\/turm-lahnstein.de\/index.php?rest_route=\/wp\/v2\/posts\/6346\/revisions\/6350"}],"wp:attachment":[{"href":"https:\/\/turm-lahnstein.de\/index.php?rest_route=%2Fwp%2Fv2%2Fmedia&parent=6346"}],"wp:term":[{"taxonomy":"category","embeddable":true,"href":"https:\/\/turm-lahnstein.de\/index.php?rest_route=%2Fwp%2Fv2%2Fcategories&post=6346"},{"taxonomy":"post_tag","embeddable":true,"href":"https:\/\/turm-lahnstein.de\/index.php?rest_route=%2Fwp%2Fv2%2Ftags&post=6346"}],"curies":[{"name":"wp","href":"https:\/\/api.w.org\/{rel}","templated":true}]}}