{"id":6344,"date":"2023-11-09T10:02:22","date_gmt":"2023-11-09T10:02:22","guid":{"rendered":"https:\/\/turm-lahnstein.de\/?p=6344"},"modified":"2023-11-09T10:02:22","modified_gmt":"2023-11-09T10:02:22","slug":"pressebericht-erfolgreiches-rhein-lahn-jugend-open-2","status":"publish","type":"post","link":"https:\/\/turm-lahnstein.de\/?p=6344","title":{"rendered":"Pressebericht: Erfolgreiches Rhein-Lahn-Jugend-Open"},"content":{"rendered":"\n<figure class=\"wp-block-image size-full\"><img loading=\"lazy\" decoding=\"async\" width=\"254\" height=\"248\" src=\"https:\/\/turm-lahnstein.de\/wp-content\/uploads\/2012\/09\/friedhelm_col.jpg\" alt=\"\" class=\"wp-image-68\"\/><\/figure>\n\n\n\n<p>Der Schachverein Turm Lahnstein hat zum drei\u00dfigsten Mal sein offenes Jugendturnier ausgetragen. In der Gymnastikhalle des Schulzentrums spielten f\u00fcnfundsechzig Kinder und Jugendliche zwischen sieben und siebzehn Jahren mit. Insgesamt waren zw\u00f6lf Vereine vertreten und f\u00fcr die f\u00fcnf Kinder, die keinem Verein angeh\u00f6rten, gab es in der Hobbyklasse eine separate Wertung.<\/p>\n\n\n\n<!--more-->\n\n\n\n<p>Gesamtsieger wurde Lokalmatador David Meuer vom SV Turm Lahnstein mit 6,5 von sieben m\u00f6glichen Punkten. Beim Kopf-an-Kopf-Rennen musste sich sein Vereinskamerad Fabian Mader schlie\u00dflich mit sechs Punkten und dem zweiten Rang im Gesamtklassement zufrieden geben. Beide gewannen damit jeweils ihre Altersklassen U 18 und U 16.&nbsp; Interessanterweise belegten die f\u00fcnf Sieger ihrer jeweiligen Altersklassen auch die ersten f\u00fcnf Pl\u00e4tze in der Gesamttabelle. Jan-Willem Malan, U 14&nbsp; und Omer Al Luwaisi, U 10(!) , beide SC Kastellaun,&nbsp; wurden Dritter und Vierter. Mick Jussack, SF Nickenich, U 12 F\u00fcnfter mit jeweils 5,5 Punkten. Bester der j\u00fcngsten Altersklasse U 8 war mit Lennard Sunaga mit drei Punkten noch ein Lahnsteiner. Ebenfalls drei Punkte erzielte Abdul Rehan , der damit die Sonderwertung der vereinslosen Teilnehmer f\u00fcr sich entschied.&nbsp;&nbsp;&nbsp;<\/p>\n\n\n\n<p>Neben den Pokalen und Medaillen f\u00fcr die Erst- bis Drittplatzierten jeder Wertungsklasse \u00fcberreichten Vorsitzender Friedhelm Schneider und Jugendleiter Peter Ley allen Teilnehmerinnen und Teilnehmern je eine Urkunde und einen Sachpreis.&nbsp;&nbsp;&nbsp;<\/p>\n","protected":false},"excerpt":{"rendered":"<p>Der Schachverein Turm Lahnstein hat zum drei\u00dfigsten Mal sein offenes Jugendturnier ausgetragen. In der Gymnastikhalle des Schulzentrums spielten f\u00fcnfundsechzig Kinder und Jugendliche zwischen sieben und siebzehn Jahren mit. Insgesamt waren [&hellip;]<\/p>\n","protected":false},"author":4,"featured_media":0,"comment_status":"open","ping_status":"open","sticky":false,"template":"","format":"standard","meta":{"footnotes":""},"categories":[1],"tags":[],"_links":{"self":[{"href":"https:\/\/turm-lahnstein.de\/index.php?rest_route=\/wp\/v2\/posts\/6344"}],"collection":[{"href":"https:\/\/turm-lahnstein.de\/index.php?rest_route=\/wp\/v2\/posts"}],"about":[{"href":"https:\/\/turm-lahnstein.de\/index.php?rest_route=\/wp\/v2\/types\/post"}],"author":[{"embeddable":true,"href":"https:\/\/turm-lahnstein.de\/index.php?rest_route=\/wp\/v2\/users\/4"}],"replies":[{"embeddable":true,"href":"https:\/\/turm-lahnstein.de\/index.php?rest_route=%2Fwp%2Fv2%2Fcomments&post=6344"}],"version-history":[{"count":1,"href":"https:\/\/turm-lahnstein.de\/index.php?rest_route=\/wp\/v2\/posts\/6344\/revisions"}],"predecessor-version":[{"id":6345,"href":"https:\/\/turm-lahnstein.de\/index.php?rest_route=\/wp\/v2\/posts\/6344\/revisions\/6345"}],"wp:attachment":[{"href":"https:\/\/turm-lahnstein.de\/index.php?rest_route=%2Fwp%2Fv2%2Fmedia&parent=6344"}],"wp:term":[{"taxonomy":"category","embeddable":true,"href":"https:\/\/turm-lahnstein.de\/index.php?rest_route=%2Fwp%2Fv2%2Fcategories&post=6344"},{"taxonomy":"post_tag","embeddable":true,"href":"https:\/\/turm-lahnstein.de\/index.php?rest_route=%2Fwp%2Fv2%2Ftags&post=6344"}],"curies":[{"name":"wp","href":"https:\/\/api.w.org\/{rel}","templated":true}]}}