{"id":634,"date":"2013-07-08T07:45:25","date_gmt":"2013-07-08T07:45:25","guid":{"rendered":"http:\/\/turmlahnstein.wordpress.com\/?p=634"},"modified":"2013-07-08T07:45:25","modified_gmt":"2013-07-08T07:45:25","slug":"saison-geht-zu-ende-mit-ww-open","status":"publish","type":"post","link":"https:\/\/turm-lahnstein.de\/?p=634","title":{"rendered":"Saison geht zu Ende mit WW-Open"},"content":{"rendered":"<p><img loading=\"lazy\" decoding=\"async\" class=\"alignleft size-medium wp-image-637\" alt=\"Tim\" src=\"https:\/\/turm-lahnstein.de\/wp-content\/uploads\/2013\/07\/tim.jpg?w=300\" width=\"300\" height=\"225\" srcset=\"https:\/\/turm-lahnstein.de\/wp-content\/uploads\/2013\/07\/tim.jpg 1000w, https:\/\/turm-lahnstein.de\/wp-content\/uploads\/2013\/07\/tim-300x225.jpg 300w, https:\/\/turm-lahnstein.de\/wp-content\/uploads\/2013\/07\/tim-768x576.jpg 768w\" sizes=\"(max-width: 300px) 100vw, 300px\" \/>Auch beim letzten Open diese Saison waren Lahnsteiner Spieler mit am Start. Peter, der als Betreuer die ganze Zeit vor Ort war, berichtet:<\/p>\n<p style=\"text-align:left;\" align=\"CENTER\"><span style=\"font-size:large;\">1x Gold 2 x Silber gehen nach Lahnstein!<\/span><\/p>\n<p>Zum Saisonabschuss waren wir in Hillscheid zum WW-Open zu Gast. Mit \u00fcber 100 Teilnehmern das gr\u00f6\u00dfte und wie sich zeigen sollte auch qualitativ beste Schnellschachopen dieses Jahres.<!--more--><\/p>\n<p><img loading=\"lazy\" decoding=\"async\" class=\"aligncenter size-large wp-image-643\" alt=\"Ismael\" src=\"https:\/\/turm-lahnstein.de\/wp-content\/uploads\/2013\/07\/ismael.jpg?w=611\" width=\"611\" height=\"458\" srcset=\"https:\/\/turm-lahnstein.de\/wp-content\/uploads\/2013\/07\/ismael.jpg 1000w, https:\/\/turm-lahnstein.de\/wp-content\/uploads\/2013\/07\/ismael-300x225.jpg 300w, https:\/\/turm-lahnstein.de\/wp-content\/uploads\/2013\/07\/ismael-768x576.jpg 768w\" sizes=\"(max-width: 611px) 100vw, 611px\" \/><\/p>\n<p>Ismael holte 3,5 Punkte in maximal 10 Minuten Bedenkzeit f\u00fcr 7 Partien. Was kann ein Trainer unternehmen damit er l\u00e4nger \u00fcberlegt? An diesem Tage fand ich keine Antwort.<\/p>\n<p><img loading=\"lazy\" decoding=\"async\" class=\"aligncenter size-large wp-image-642\" alt=\"Lars\" src=\"https:\/\/turm-lahnstein.de\/wp-content\/uploads\/2013\/07\/lars.jpg?w=611\" width=\"611\" height=\"458\" srcset=\"https:\/\/turm-lahnstein.de\/wp-content\/uploads\/2013\/07\/lars.jpg 1000w, https:\/\/turm-lahnstein.de\/wp-content\/uploads\/2013\/07\/lars-300x225.jpg 300w, https:\/\/turm-lahnstein.de\/wp-content\/uploads\/2013\/07\/lars-768x576.jpg 768w\" sizes=\"(max-width: 611px) 100vw, 611px\" \/><\/p>\n<p>Schl\u00e4ft Lars am Brett ein? Nein im Gegenteil. Gutes Turnier f\u00fcr Lars mit einem 2.Platz am Ende. Gegen den 1. Aus Hessen spielte er Remis, musste aber leider gegen den 3. Tillmann Marschall den Punkt lassen. Hier untersch\u00e4tzte er eine erst harmlose Fesselung, die der Gegner kontinuierlich verst\u00e4rkte. Ansonsten aber mit sicherem Spiel, wo seine Gegner wenig Chancen gegen ihn hatten.<\/p>\n<p><img loading=\"lazy\" decoding=\"async\" class=\"aligncenter size-large wp-image-641\" alt=\"Elsin\" src=\"https:\/\/turm-lahnstein.de\/wp-content\/uploads\/2013\/07\/elsin.jpg?w=611\" width=\"611\" height=\"458\" srcset=\"https:\/\/turm-lahnstein.de\/wp-content\/uploads\/2013\/07\/elsin.jpg 1000w, https:\/\/turm-lahnstein.de\/wp-content\/uploads\/2013\/07\/elsin-300x225.jpg 300w, https:\/\/turm-lahnstein.de\/wp-content\/uploads\/2013\/07\/elsin-768x576.jpg 768w\" sizes=\"(max-width: 611px) 100vw, 611px\" \/><\/p>\n<p>Elsin auch er verwechselte Schnell- mit Blitzschach und musste am Ende mit 3 Punkten zufrieden sein. Bei ihm wechseln zu oft starke mit schwachen Z\u00fcgen.<\/p>\n<p><img loading=\"lazy\" decoding=\"async\" class=\"aligncenter size-large wp-image-640\" alt=\"Martin\" src=\"https:\/\/turm-lahnstein.de\/wp-content\/uploads\/2013\/07\/martin.jpg?w=611\" width=\"611\" height=\"458\" srcset=\"https:\/\/turm-lahnstein.de\/wp-content\/uploads\/2013\/07\/martin.jpg 1000w, https:\/\/turm-lahnstein.de\/wp-content\/uploads\/2013\/07\/martin-300x225.jpg 300w, https:\/\/turm-lahnstein.de\/wp-content\/uploads\/2013\/07\/martin-768x576.jpg 768w\" sizes=\"(max-width: 611px) 100vw, 611px\" \/><\/p>\n<p>Wie wir hier sehen besch\u00e4ftigte sich Martin mehr mit seinen Gegnern als mit Schach. In Einrich noch auf dem 2.Platz endete er in Hillscheid mit 2,5 Punkten im hinteren Feld. Spa\u00df hatten unsere Youngsters bei bestem Wetter und viel Fu\u00dfball trotzdem.<\/p>\n<p><img loading=\"lazy\" decoding=\"async\" class=\"aligncenter size-large wp-image-639\" alt=\"Alina\" src=\"https:\/\/turm-lahnstein.de\/wp-content\/uploads\/2013\/07\/alina.jpg?w=611\" width=\"611\" height=\"458\" srcset=\"https:\/\/turm-lahnstein.de\/wp-content\/uploads\/2013\/07\/alina.jpg 1000w, https:\/\/turm-lahnstein.de\/wp-content\/uploads\/2013\/07\/alina-300x225.jpg 300w, https:\/\/turm-lahnstein.de\/wp-content\/uploads\/2013\/07\/alina-768x576.jpg 768w\" sizes=\"(max-width: 611px) 100vw, 611px\" \/><\/p>\n<p>Unsere sonst so erfolgsverw\u00f6hnten U14er M\u00e4dchen lie\u00dfen das Jahr gut gelaunt mit Sommerschach ausklingen. Alina tat sich ungewohnt schwer auch gegen Gegner die 400-500 Wertungspunkte unter ihr lagen und gab dort auch Punkte ab. Nach einem anstrengenden erfolgreichen Jahr konnte sie die Konzentration hier nicht halten und erzielte 4\/7 Punkte.<\/p>\n<p><img loading=\"lazy\" decoding=\"async\" class=\"aligncenter size-large wp-image-638\" alt=\"Sabrina\" src=\"https:\/\/turm-lahnstein.de\/wp-content\/uploads\/2013\/07\/sabrina.jpg?w=611\" width=\"611\" height=\"458\" srcset=\"https:\/\/turm-lahnstein.de\/wp-content\/uploads\/2013\/07\/sabrina.jpg 1000w, https:\/\/turm-lahnstein.de\/wp-content\/uploads\/2013\/07\/sabrina-300x225.jpg 300w, https:\/\/turm-lahnstein.de\/wp-content\/uploads\/2013\/07\/sabrina-768x576.jpg 768w\" sizes=\"(max-width: 611px) 100vw, 611px\" \/><\/p>\n<p>Auch Sabrina ohne die n\u00f6tige Anspannung. Die Schw\u00e4cheren besiegte sie noch, aber gegen Konkurrenten um die Podiumspl\u00e4tze patzte sie teilweise f\u00fcrchterlich. \u00dcbersah in guter Stellung gegen Matthias Riedel ein einz\u00fcgiges Matt. Beide M\u00e4dchen haben sich die Sommerpause verdient. Wir sind sicher im n\u00e4chsten Jahr greifen sie wieder an.<\/p>\n<p><img loading=\"lazy\" decoding=\"async\" class=\"aligncenter size-large wp-image-637\" alt=\"Tim\" src=\"https:\/\/turm-lahnstein.de\/wp-content\/uploads\/2013\/07\/tim.jpg?w=611\" width=\"611\" height=\"458\" srcset=\"https:\/\/turm-lahnstein.de\/wp-content\/uploads\/2013\/07\/tim.jpg 1000w, https:\/\/turm-lahnstein.de\/wp-content\/uploads\/2013\/07\/tim-300x225.jpg 300w, https:\/\/turm-lahnstein.de\/wp-content\/uploads\/2013\/07\/tim-768x576.jpg 768w\" sizes=\"(max-width: 611px) 100vw, 611px\" \/><\/p>\n<p>Unser Neuzugang Tim Ronge wurde irrt\u00fcmlich in die U16 gesetzt, die mit der U20 zusammen den Open Sieger ausspielte. Tim nahm die Herausforderung sportlich an und zeigte aus Lahnsteiner Sicht vielleicht die beste Leitung an diesem Tag. Immer an den vorderen Brettern zu finden machte er auch den Favoriten das Leben schwer. Hier am ersten Brett gegen Pascal Grzeca. Die U16 gewann er verdient mit 4,5 Punkten.<\/p>\n<p><img loading=\"lazy\" decoding=\"async\" class=\"aligncenter size-large wp-image-636\" alt=\"Bujar\" src=\"https:\/\/turm-lahnstein.de\/wp-content\/uploads\/2013\/07\/bujar.jpg?w=611\" width=\"611\" height=\"458\" srcset=\"https:\/\/turm-lahnstein.de\/wp-content\/uploads\/2013\/07\/bujar.jpg 1000w, https:\/\/turm-lahnstein.de\/wp-content\/uploads\/2013\/07\/bujar-300x225.jpg 300w, https:\/\/turm-lahnstein.de\/wp-content\/uploads\/2013\/07\/bujar-768x576.jpg 768w\" sizes=\"(max-width: 611px) 100vw, 611px\" \/><\/p>\n<p>Bujar schon in der ersten Partie mit einer unerwarteten Niederlage gegen Jan-Heinrich B\u00f6hm. Mit 2 Mehrbauern lie\u00df er sich bei knapper Zeit einen Turm einsperren. Holte danach auf, aber es sollte \u201anur\u2018 zu einem sehr guten 2.Platz im Open reichen.<\/p>\n<p>Und da war noch\u2026<\/p>\n<p><img loading=\"lazy\" decoding=\"async\" class=\"aligncenter size-large wp-image-635\" alt=\"Nathalie\" src=\"https:\/\/turm-lahnstein.de\/wp-content\/uploads\/2013\/07\/nathalie.jpg?w=611\" width=\"611\" height=\"458\" srcset=\"https:\/\/turm-lahnstein.de\/wp-content\/uploads\/2013\/07\/nathalie.jpg 1000w, https:\/\/turm-lahnstein.de\/wp-content\/uploads\/2013\/07\/nathalie-300x225.jpg 300w, https:\/\/turm-lahnstein.de\/wp-content\/uploads\/2013\/07\/nathalie-768x576.jpg 768w\" sizes=\"(max-width: 611px) 100vw, 611px\" \/><\/p>\n<p>Adrian Perschs kleine Schwester Nathalie. Mit viel Spa\u00df am Spiel und ordentlichem Schach holte sie gute 3 Punkte. Wir freuen uns auf ein Wiedersehen.<\/p>\n<p>&nbsp;<\/p>\n","protected":false},"excerpt":{"rendered":"<p>Auch beim letzten Open diese Saison waren Lahnsteiner Spieler mit am Start. Peter, der als Betreuer die ganze Zeit vor Ort war, berichtet: 1x Gold 2 x Silber gehen nach [&hellip;]<\/p>\n","protected":false},"author":2,"featured_media":0,"comment_status":"open","ping_status":"open","sticky":false,"template":"","format":"standard","meta":{"footnotes":""},"categories":[148],"tags":[71,28,99,123,52,101,160,83,78,161,162,163],"_links":{"self":[{"href":"https:\/\/turm-lahnstein.de\/index.php?rest_route=\/wp\/v2\/posts\/634"}],"collection":[{"href":"https:\/\/turm-lahnstein.de\/index.php?rest_route=\/wp\/v2\/posts"}],"about":[{"href":"https:\/\/turm-lahnstein.de\/index.php?rest_route=\/wp\/v2\/types\/post"}],"author":[{"embeddable":true,"href":"https:\/\/turm-lahnstein.de\/index.php?rest_route=\/wp\/v2\/users\/2"}],"replies":[{"embeddable":true,"href":"https:\/\/turm-lahnstein.de\/index.php?rest_route=%2Fwp%2Fv2%2Fcomments&post=634"}],"version-history":[{"count":0,"href":"https:\/\/turm-lahnstein.de\/index.php?rest_route=\/wp\/v2\/posts\/634\/revisions"}],"wp:attachment":[{"href":"https:\/\/turm-lahnstein.de\/index.php?rest_route=%2Fwp%2Fv2%2Fmedia&parent=634"}],"wp:term":[{"taxonomy":"category","embeddable":true,"href":"https:\/\/turm-lahnstein.de\/index.php?rest_route=%2Fwp%2Fv2%2Fcategories&post=634"},{"taxonomy":"post_tag","embeddable":true,"href":"https:\/\/turm-lahnstein.de\/index.php?rest_route=%2Fwp%2Fv2%2Ftags&post=634"}],"curies":[{"name":"wp","href":"https:\/\/api.w.org\/{rel}","templated":true}]}}