{"id":6332,"date":"2023-10-29T18:15:18","date_gmt":"2023-10-29T18:15:18","guid":{"rendered":"https:\/\/turm-lahnstein.de\/?p=6332"},"modified":"2023-10-29T18:15:18","modified_gmt":"2023-10-29T18:15:18","slug":"schnellschach","status":"publish","type":"post","link":"https:\/\/turm-lahnstein.de\/?p=6332","title":{"rendered":"Schnellschach"},"content":{"rendered":"\n<p>Bericht von Turnierleiter Michael Linke<\/p>\n\n\n\n<figure class=\"wp-block-image size-large\"><img loading=\"lazy\" decoding=\"async\" width=\"1024\" height=\"768\" src=\"https:\/\/turm-lahnstein.de\/wp-content\/uploads\/2023\/10\/Schnellschach-2023-1024x768.jpg\" alt=\"\" class=\"wp-image-6333\" srcset=\"https:\/\/turm-lahnstein.de\/wp-content\/uploads\/2023\/10\/Schnellschach-2023-1024x768.jpg 1024w, https:\/\/turm-lahnstein.de\/wp-content\/uploads\/2023\/10\/Schnellschach-2023-300x225.jpg 300w, https:\/\/turm-lahnstein.de\/wp-content\/uploads\/2023\/10\/Schnellschach-2023-768x576.jpg 768w, https:\/\/turm-lahnstein.de\/wp-content\/uploads\/2023\/10\/Schnellschach-2023.jpg 1500w\" sizes=\"(max-width: 1024px) 100vw, 1024px\" \/><\/figure>\n\n\n\n<p>Liebe Schachfreunde,<\/p>\n\n\n\n<p><br>letzten Freitag fand unser Schnellschachturnier statt mit einer<br>Rekordbeteiligung von 16 Teilnehmern. Als Gast nahm G\u00fcven Manay teil, den<br>ich seit mehr als 30 Jahren aus dem K\u00f6lner Schachleben kenne und der nun<br>nach Lahnstein gezogen ist \u2013 welch Zufall!<\/p>\n\n\n\n<!--more-->\n\n\n\n<p><br>Ebenso nahm Patrick Grzeca teil, der keinem Gegner eine Chance lie\u00df und<br>das Turnier mit 5\/5 \u00fcberlegen gewann.<br>Auf dem zweiten Platz landete wohl eines der gr\u00f6\u00dften Talente der<br>Lahnsteiner Jugendschmiede, Leo Kessler, der mit 4\/5 ein herausragendes<br>Turnier spielte und eine (inoffizielle) Turnier-Leistung von sagenhaften 2170<br>DWZ erspielte bei einer momentanen DWZ-Wertung von 1470. Ich sch\u00e4tze,<br>das wird sich bald steigern.<br>Sabrina Ley landete auf dem ungeteilten dritten Platz mit starken 3,5\/5,<br>gefolgt von Friedhelm Schneider, G\u00fcven Manay, Lasse Werling (einem<br>weiteren talentierten Nachwuchsspieler) und Jacub Rezakovic, alle mit 3\/5.<br>Peter Schreieck und Michael Sefeloge erk\u00e4mpften sich gute 50 % der Punkte<br>(2,5\/5) und landeten damit im Mittelfeld.<\/p>\n","protected":false},"excerpt":{"rendered":"<p>Bericht von Turnierleiter Michael Linke Liebe Schachfreunde, letzten Freitag fand unser Schnellschachturnier statt mit einerRekordbeteiligung von 16 Teilnehmern. Als Gast nahm G\u00fcven Manay teil, denich seit mehr als 30 Jahren [&hellip;]<\/p>\n","protected":false},"author":4,"featured_media":0,"comment_status":"open","ping_status":"open","sticky":false,"template":"","format":"standard","meta":{"footnotes":""},"categories":[1],"tags":[],"_links":{"self":[{"href":"https:\/\/turm-lahnstein.de\/index.php?rest_route=\/wp\/v2\/posts\/6332"}],"collection":[{"href":"https:\/\/turm-lahnstein.de\/index.php?rest_route=\/wp\/v2\/posts"}],"about":[{"href":"https:\/\/turm-lahnstein.de\/index.php?rest_route=\/wp\/v2\/types\/post"}],"author":[{"embeddable":true,"href":"https:\/\/turm-lahnstein.de\/index.php?rest_route=\/wp\/v2\/users\/4"}],"replies":[{"embeddable":true,"href":"https:\/\/turm-lahnstein.de\/index.php?rest_route=%2Fwp%2Fv2%2Fcomments&post=6332"}],"version-history":[{"count":1,"href":"https:\/\/turm-lahnstein.de\/index.php?rest_route=\/wp\/v2\/posts\/6332\/revisions"}],"predecessor-version":[{"id":6334,"href":"https:\/\/turm-lahnstein.de\/index.php?rest_route=\/wp\/v2\/posts\/6332\/revisions\/6334"}],"wp:attachment":[{"href":"https:\/\/turm-lahnstein.de\/index.php?rest_route=%2Fwp%2Fv2%2Fmedia&parent=6332"}],"wp:term":[{"taxonomy":"category","embeddable":true,"href":"https:\/\/turm-lahnstein.de\/index.php?rest_route=%2Fwp%2Fv2%2Fcategories&post=6332"},{"taxonomy":"post_tag","embeddable":true,"href":"https:\/\/turm-lahnstein.de\/index.php?rest_route=%2Fwp%2Fv2%2Ftags&post=6332"}],"curies":[{"name":"wp","href":"https:\/\/api.w.org\/{rel}","templated":true}]}}