{"id":6324,"date":"2023-10-26T06:24:10","date_gmt":"2023-10-26T06:24:10","guid":{"rendered":"https:\/\/turm-lahnstein.de\/?p=6324"},"modified":"2023-10-26T06:24:10","modified_gmt":"2023-10-26T06:24:10","slug":"pressebericht-daempfer-fuer-lahnsteins-schachspieler","status":"publish","type":"post","link":"https:\/\/turm-lahnstein.de\/?p=6324","title":{"rendered":"Pressebericht: D\u00e4mpfer f\u00fcr Lahnsteins Schachspieler"},"content":{"rendered":"\n<figure class=\"wp-block-image size-full\"><img loading=\"lazy\" decoding=\"async\" width=\"254\" height=\"248\" src=\"https:\/\/turm-lahnstein.de\/wp-content\/uploads\/2012\/09\/friedhelm_col.jpg\" alt=\"\" class=\"wp-image-68\"\/><\/figure>\n\n\n\n<p>Mit einer nicht unbedingt erwarteten Niederlage kehrte die erste Mannschaft des Schachvereins Turm Lahnstein von der zweiten Runde der 2. Rheinland-Pfalz-Liga aus Trier zur\u00fcck. Beim gastgebenden Aufsteiger PST Trier hatten sich die Schachfreunde vom Rhein-Lahn-Eck z\u00e4hlbares ausgerechnet, doch am Ende hie\u00df es 3 : 5. Wie umk\u00e4mpft alle Partien waren, zeigt, dass keine Remis ausging, sondern drei Gewinnpartien leider f\u00fcnf Verlustpartien gegen\u00fcber standen.<\/p>\n\n\n\n<!--more-->\n\n\n\n<p>Es lief von Anfang an nicht rund, denn Friedhelm Schneider und Kai Mailitis gerieten schon aus der Er\u00f6ffnung heraus in Schwierigkeiten und mussten sich fr\u00fchzeitig geschlagen bekennen. Im weiteren Verlauf konnten zwar Sabrina Ley, Peter Schreieck und David Meuer, der erstmals am ersten Brett spielte, ihre Partien gewinnen, aber die Verluste durch Joshua Lenz und Leo Ke\u00dfler sorgten f\u00fcr einen 3 : 4 R\u00fcckstand. Folgerichtig musste Lasse Werling in der letzten laufenden Partie alles versuchen. In einer ausgeglichenen Stellung f\u00fchrten seine Gewinnversuche leider zu einem kritischen Endspiel, das dann auch noch zugunsten des Trierer Spielers ausging.<\/p>\n\n\n\n<p>Die Vereinsabende des Schachvereins Turm Lahnstein finden jeden Freitag im Johannes-Gymnasium statt. Der Eingang erfolgt von der Stolzenfelsstra\u00dfe. Kinder und Jugendliche treffen sich ab 18.15 Uhr, die Erwachsenen ab 19.30 Uhr.<\/p>\n","protected":false},"excerpt":{"rendered":"<p>Mit einer nicht unbedingt erwarteten Niederlage kehrte die erste Mannschaft des Schachvereins Turm Lahnstein von der zweiten Runde der 2. Rheinland-Pfalz-Liga aus Trier zur\u00fcck. Beim gastgebenden Aufsteiger PST Trier hatten [&hellip;]<\/p>\n","protected":false},"author":4,"featured_media":0,"comment_status":"open","ping_status":"open","sticky":false,"template":"","format":"standard","meta":{"footnotes":""},"categories":[1],"tags":[],"_links":{"self":[{"href":"https:\/\/turm-lahnstein.de\/index.php?rest_route=\/wp\/v2\/posts\/6324"}],"collection":[{"href":"https:\/\/turm-lahnstein.de\/index.php?rest_route=\/wp\/v2\/posts"}],"about":[{"href":"https:\/\/turm-lahnstein.de\/index.php?rest_route=\/wp\/v2\/types\/post"}],"author":[{"embeddable":true,"href":"https:\/\/turm-lahnstein.de\/index.php?rest_route=\/wp\/v2\/users\/4"}],"replies":[{"embeddable":true,"href":"https:\/\/turm-lahnstein.de\/index.php?rest_route=%2Fwp%2Fv2%2Fcomments&post=6324"}],"version-history":[{"count":1,"href":"https:\/\/turm-lahnstein.de\/index.php?rest_route=\/wp\/v2\/posts\/6324\/revisions"}],"predecessor-version":[{"id":6325,"href":"https:\/\/turm-lahnstein.de\/index.php?rest_route=\/wp\/v2\/posts\/6324\/revisions\/6325"}],"wp:attachment":[{"href":"https:\/\/turm-lahnstein.de\/index.php?rest_route=%2Fwp%2Fv2%2Fmedia&parent=6324"}],"wp:term":[{"taxonomy":"category","embeddable":true,"href":"https:\/\/turm-lahnstein.de\/index.php?rest_route=%2Fwp%2Fv2%2Fcategories&post=6324"},{"taxonomy":"post_tag","embeddable":true,"href":"https:\/\/turm-lahnstein.de\/index.php?rest_route=%2Fwp%2Fv2%2Ftags&post=6324"}],"curies":[{"name":"wp","href":"https:\/\/api.w.org\/{rel}","templated":true}]}}