{"id":6304,"date":"2023-10-12T11:49:33","date_gmt":"2023-10-12T11:49:33","guid":{"rendered":"https:\/\/turm-lahnstein.de\/?p=6304"},"modified":"2023-10-12T11:49:33","modified_gmt":"2023-10-12T11:49:33","slug":"pressebericht-mannschaften-auf-einem-guten-weg","status":"publish","type":"post","link":"https:\/\/turm-lahnstein.de\/?p=6304","title":{"rendered":"Pressebericht: Mannschaften auf einem guten Weg"},"content":{"rendered":"\n<figure class=\"wp-block-image size-full\"><img loading=\"lazy\" decoding=\"async\" width=\"254\" height=\"248\" src=\"https:\/\/turm-lahnstein.de\/wp-content\/uploads\/2012\/09\/friedhelm_col.jpg\" alt=\"\" class=\"wp-image-68\"\/><\/figure>\n\n\n\n<p>Mit einem wichtigen 4 : 3 Erfolg gegen die SF Hillscheid holte die zweite Mannschaft des Schachvereins Turm Lahnstein in der Rheinland-Liga die ersten zwei Mannschaftspunkte der neuen Saison. In einer spannenden Auseinandersetzung an sieben Brettern behielten die Schachspieler vom Rhein-Lahn-Eck knapp die Oberhand. Gewinnpartien durch Lasse Werling und den zw\u00f6lfj\u00e4hrigen Leo Ke\u00dfler brachten die Entscheidung, da vier weitere Partien von Markus M\u00fcller, Peter Schreieck, Michael Linke und Werner Sonnhoff Remis endeten. Die Niederlage von Hans-Joachim Will blieb an diesem Tag die einzige.\u00a0<\/p>\n\n\n\n<!--more-->\n\n\n\n<p>Die dritte Mannschaft des Schachvereins Turm Lahnstein bewies auch in der zweiten Runde der A-Klasse Rhein-Nahe, dass sie sich als Aufsteiger nicht verstecken muss. Mit einem 2 : 2 Unentschieden beim VfR Koblenz III zeigte sie sich auf Augenh\u00f6he mit der in dieser Klasse etablierten gegnerischen Mannschaft. Stephan Meuer gewann seine Partie. Michael Sefeloge und Patrick Br\u00fchl erk\u00e4mpften je ein Remis. Lediglich Tim Gr\u00fcttner musste seinem Gegner zum Sieg gratulieren.&nbsp;<\/p>\n","protected":false},"excerpt":{"rendered":"<p>Mit einem wichtigen 4 : 3 Erfolg gegen die SF Hillscheid holte die zweite Mannschaft des Schachvereins Turm Lahnstein in der Rheinland-Liga die ersten zwei Mannschaftspunkte der neuen Saison. In [&hellip;]<\/p>\n","protected":false},"author":4,"featured_media":0,"comment_status":"open","ping_status":"open","sticky":false,"template":"","format":"standard","meta":{"footnotes":""},"categories":[1],"tags":[],"_links":{"self":[{"href":"https:\/\/turm-lahnstein.de\/index.php?rest_route=\/wp\/v2\/posts\/6304"}],"collection":[{"href":"https:\/\/turm-lahnstein.de\/index.php?rest_route=\/wp\/v2\/posts"}],"about":[{"href":"https:\/\/turm-lahnstein.de\/index.php?rest_route=\/wp\/v2\/types\/post"}],"author":[{"embeddable":true,"href":"https:\/\/turm-lahnstein.de\/index.php?rest_route=\/wp\/v2\/users\/4"}],"replies":[{"embeddable":true,"href":"https:\/\/turm-lahnstein.de\/index.php?rest_route=%2Fwp%2Fv2%2Fcomments&post=6304"}],"version-history":[{"count":1,"href":"https:\/\/turm-lahnstein.de\/index.php?rest_route=\/wp\/v2\/posts\/6304\/revisions"}],"predecessor-version":[{"id":6305,"href":"https:\/\/turm-lahnstein.de\/index.php?rest_route=\/wp\/v2\/posts\/6304\/revisions\/6305"}],"wp:attachment":[{"href":"https:\/\/turm-lahnstein.de\/index.php?rest_route=%2Fwp%2Fv2%2Fmedia&parent=6304"}],"wp:term":[{"taxonomy":"category","embeddable":true,"href":"https:\/\/turm-lahnstein.de\/index.php?rest_route=%2Fwp%2Fv2%2Fcategories&post=6304"},{"taxonomy":"post_tag","embeddable":true,"href":"https:\/\/turm-lahnstein.de\/index.php?rest_route=%2Fwp%2Fv2%2Ftags&post=6304"}],"curies":[{"name":"wp","href":"https:\/\/api.w.org\/{rel}","templated":true}]}}