{"id":6302,"date":"2023-10-12T11:47:16","date_gmt":"2023-10-12T11:47:16","guid":{"rendered":"https:\/\/turm-lahnstein.de\/?p=6302"},"modified":"2023-10-12T11:47:16","modified_gmt":"2023-10-12T11:47:16","slug":"pressebericht-start-der-neuen-rheinland-pfalz-liga-saison","status":"publish","type":"post","link":"https:\/\/turm-lahnstein.de\/?p=6302","title":{"rendered":"Pressebericht: Start der neuen Rheinland-Pfalz-Liga-Saison"},"content":{"rendered":"\n<figure class=\"wp-block-image size-full\"><img loading=\"lazy\" decoding=\"async\" width=\"254\" height=\"248\" src=\"https:\/\/turm-lahnstein.de\/wp-content\/uploads\/2012\/09\/friedhelm_col.jpg\" alt=\"\" class=\"wp-image-68\"\/><\/figure>\n\n\n\n<p>In der ersten Runde der 2. Rheinland-Pfalz-Liga stellte sich mit dem SC Kastellaun der erwartet schwere Gegner beim SV Turm Lahnstein vor. Die ambitionierten Hunsr\u00fccker sind vor allem an den vorderen Brettern sehr stark besetzt. Nach hartem Kampf mussten die Lahnsteiner schlie\u00dflich den G\u00e4sten mit 3,5:4,5 die zwei Mannschaftspunkte \u00fcberlassen. <\/p>\n\n\n\n<!--more-->\n\n\n\n<p>An allen Brettern entwickelten sich hochspannende Partien, die meistens erst in der Endspielphase eine Entscheidung brachten. F\u00fcr Lahnstein punkteten Friedhelm Schneider und Stephan B\u00fcchner voll und David Meuer, Fabian Mader und Sabrina Ley mit ihren Remisen jeweils halb. Dagegen mussten Dennis Sanner gegen den aktuellen Deutschen Meister U 16 und Kai Mailitis ebenfalls gegen einen mehrfachen Teilnehmer an der Deutschen Meisterschaft letztlich ebenso kapitulieren wie Julian Voss. Damit stand der knappe Erfolg der Gastmannschaft fest.&nbsp; &nbsp;&nbsp;<\/p>\n","protected":false},"excerpt":{"rendered":"<p>In der ersten Runde der 2. Rheinland-Pfalz-Liga stellte sich mit dem SC Kastellaun der erwartet schwere Gegner beim SV Turm Lahnstein vor. Die ambitionierten Hunsr\u00fccker sind vor allem an den [&hellip;]<\/p>\n","protected":false},"author":4,"featured_media":0,"comment_status":"open","ping_status":"open","sticky":false,"template":"","format":"standard","meta":{"footnotes":""},"categories":[1],"tags":[],"_links":{"self":[{"href":"https:\/\/turm-lahnstein.de\/index.php?rest_route=\/wp\/v2\/posts\/6302"}],"collection":[{"href":"https:\/\/turm-lahnstein.de\/index.php?rest_route=\/wp\/v2\/posts"}],"about":[{"href":"https:\/\/turm-lahnstein.de\/index.php?rest_route=\/wp\/v2\/types\/post"}],"author":[{"embeddable":true,"href":"https:\/\/turm-lahnstein.de\/index.php?rest_route=\/wp\/v2\/users\/4"}],"replies":[{"embeddable":true,"href":"https:\/\/turm-lahnstein.de\/index.php?rest_route=%2Fwp%2Fv2%2Fcomments&post=6302"}],"version-history":[{"count":1,"href":"https:\/\/turm-lahnstein.de\/index.php?rest_route=\/wp\/v2\/posts\/6302\/revisions"}],"predecessor-version":[{"id":6303,"href":"https:\/\/turm-lahnstein.de\/index.php?rest_route=\/wp\/v2\/posts\/6302\/revisions\/6303"}],"wp:attachment":[{"href":"https:\/\/turm-lahnstein.de\/index.php?rest_route=%2Fwp%2Fv2%2Fmedia&parent=6302"}],"wp:term":[{"taxonomy":"category","embeddable":true,"href":"https:\/\/turm-lahnstein.de\/index.php?rest_route=%2Fwp%2Fv2%2Fcategories&post=6302"},{"taxonomy":"post_tag","embeddable":true,"href":"https:\/\/turm-lahnstein.de\/index.php?rest_route=%2Fwp%2Fv2%2Ftags&post=6302"}],"curies":[{"name":"wp","href":"https:\/\/api.w.org\/{rel}","templated":true}]}}