{"id":6246,"date":"2023-09-10T17:47:00","date_gmt":"2023-09-10T17:47:00","guid":{"rendered":"https:\/\/turm-lahnstein.de\/?p=6246"},"modified":"2023-09-11T13:46:15","modified_gmt":"2023-09-11T13:46:15","slug":"jugendbezirksmeisterschaft-in-daun","status":"publish","type":"post","link":"https:\/\/turm-lahnstein.de\/?p=6246","title":{"rendered":"Jugendbezirksmeisterschaft in Daun"},"content":{"rendered":"\n<figure class=\"wp-block-image size-full\"><img loading=\"lazy\" decoding=\"async\" width=\"935\" height=\"302\" src=\"https:\/\/turm-lahnstein.de\/wp-content\/uploads\/2023\/09\/bezirk-2023-1.png\" alt=\"\" class=\"wp-image-6247\" srcset=\"https:\/\/turm-lahnstein.de\/wp-content\/uploads\/2023\/09\/bezirk-2023-1.png 935w, https:\/\/turm-lahnstein.de\/wp-content\/uploads\/2023\/09\/bezirk-2023-1-300x97.png 300w, https:\/\/turm-lahnstein.de\/wp-content\/uploads\/2023\/09\/bezirk-2023-1-768x248.png 768w\" sizes=\"(max-width: 935px) 100vw, 935px\" \/><\/figure>\n\n\n\n<p>(Bild Andreas Back)<\/p>\n\n\n\n<p>Wir waren das 2.Jahr zu Gast in der Jugendherberge Daun. Obwohl ich bereits 15 Monate zuvor nach einer Jugendherberge suchte, standen nur noch wenige, mit unseren Anforderungen zur Verf\u00fcgung. Jedoch konnte man die dortige JHB durchaus als Gl\u00fccksgriff bezeichnen. Die Zusammenarbeit mit dem Team dort war angenehm, Ausstattung und Au\u00dfenbereich kamen uns sehr entgegen.<\/p>\n\n\n\n<!--more-->\n\n\n\n<p>An dieser Stelle beginne ich meistens \u00fcber die Erfolge unserer Jugendlichen zu schreiben. Lahnstein stellte 24 von 60 Teilnehmer (!) und dabei waren auch 2 Bezirksmeister, 2 Bezirksmeisterinnen und jede Menge Pokale und gute Platzierungen, aber nat\u00fcrlich auch einige die nicht ganz zufrieden waren oder auch bei ihrem ersten Turnier ganz sch\u00f6n Federn lassen mussten. Besonders stolz bin ich aber darauf, dass alle unsere 24 Spieler, Gewinner oder Verlierer, faire Spieler sind und so auch ihren Gegner begegnen. Gewinner, die wissen, dass sie nur auf Ihre Leistung stolz sein k\u00f6nnen, weil sie einen Gegner hatten, der auch sein Bestes gegeben hat. Unterlegene, die danach nat\u00fcrlich traurig waren, aber nur kurze Zeit sp\u00e4ter wieder mit den anderen spielten und ma\u00dfgeblich daf\u00fcr verantwortlich waren, dass die Stimmung so gut war.<\/p>\n\n\n\n<p>Ein Highlight war der Besuch der nahegelegenen Sternwarte \u201aHoher List\u2018 wo wir die Ringe des Saturn, sowie Berge und T\u00e4ler des Mondes betrachten konnten. Durch den engen Zeitplan entfiel das abendliche Jagen von Werw\u00f6lfen. Ich denke, dass wir das 2024 in Cochem nachholen.<\/p>\n\n\n\n<figure class=\"wp-block-image size-full\"><img loading=\"lazy\" decoding=\"async\" width=\"437\" height=\"497\" src=\"https:\/\/turm-lahnstein.de\/wp-content\/uploads\/2023\/09\/bezirk-2023-2.png\" alt=\"\" class=\"wp-image-6248\" srcset=\"https:\/\/turm-lahnstein.de\/wp-content\/uploads\/2023\/09\/bezirk-2023-2.png 437w, https:\/\/turm-lahnstein.de\/wp-content\/uploads\/2023\/09\/bezirk-2023-2-264x300.png 264w\" sizes=\"(max-width: 437px) 100vw, 437px\" \/><\/figure>\n\n\n\n<p>Bilder von der Sternenwarte: Sven Sunaga<\/p>\n\n\n\n<p><strong>U10<\/strong><\/p>\n\n\n\n<figure class=\"wp-block-image size-full\"><img loading=\"lazy\" decoding=\"async\" width=\"610\" height=\"343\" src=\"https:\/\/turm-lahnstein.de\/wp-content\/uploads\/2023\/09\/bezirk-2023-U10.png\" alt=\"\" class=\"wp-image-6249\" srcset=\"https:\/\/turm-lahnstein.de\/wp-content\/uploads\/2023\/09\/bezirk-2023-U10.png 610w, https:\/\/turm-lahnstein.de\/wp-content\/uploads\/2023\/09\/bezirk-2023-U10-300x169.png 300w\" sizes=\"(max-width: 610px) 100vw, 610px\" \/><\/figure>\n\n\n\n<p><strong>U12<\/strong><\/p>\n\n\n\n<figure class=\"wp-block-image size-full\"><img loading=\"lazy\" decoding=\"async\" width=\"604\" height=\"287\" src=\"https:\/\/turm-lahnstein.de\/wp-content\/uploads\/2023\/09\/bezirk-2023-U12.png\" alt=\"\" class=\"wp-image-6250\" srcset=\"https:\/\/turm-lahnstein.de\/wp-content\/uploads\/2023\/09\/bezirk-2023-U12.png 604w, https:\/\/turm-lahnstein.de\/wp-content\/uploads\/2023\/09\/bezirk-2023-U12-300x143.png 300w\" sizes=\"(max-width: 604px) 100vw, 604px\" \/><\/figure>\n\n\n\n<p><strong>U14<\/strong><\/p>\n\n\n\n<figure class=\"wp-block-image size-full\"><img loading=\"lazy\" decoding=\"async\" width=\"614\" height=\"369\" src=\"https:\/\/turm-lahnstein.de\/wp-content\/uploads\/2023\/09\/bezirk-2023-U14.png\" alt=\"\" class=\"wp-image-6251\" srcset=\"https:\/\/turm-lahnstein.de\/wp-content\/uploads\/2023\/09\/bezirk-2023-U14.png 614w, https:\/\/turm-lahnstein.de\/wp-content\/uploads\/2023\/09\/bezirk-2023-U14-300x180.png 300w\" sizes=\"(max-width: 614px) 100vw, 614px\" \/><\/figure>\n\n\n\n<p><strong>U16\/U18<\/strong><\/p>\n\n\n\n<figure class=\"wp-block-image size-full\"><img loading=\"lazy\" decoding=\"async\" width=\"619\" height=\"463\" src=\"https:\/\/turm-lahnstein.de\/wp-content\/uploads\/2023\/09\/bezirk-2023-U16-U18.png\" alt=\"\" class=\"wp-image-6252\" srcset=\"https:\/\/turm-lahnstein.de\/wp-content\/uploads\/2023\/09\/bezirk-2023-U16-U18.png 619w, https:\/\/turm-lahnstein.de\/wp-content\/uploads\/2023\/09\/bezirk-2023-U16-U18-300x224.png 300w\" sizes=\"(max-width: 619px) 100vw, 619px\" \/><\/figure>\n","protected":false},"excerpt":{"rendered":"<p>(Bild Andreas Back) Wir waren das 2.Jahr zu Gast in der Jugendherberge Daun. Obwohl ich bereits 15 Monate zuvor nach einer Jugendherberge suchte, standen nur noch wenige, mit unseren Anforderungen [&hellip;]<\/p>\n","protected":false},"author":4,"featured_media":0,"comment_status":"open","ping_status":"open","sticky":false,"template":"","format":"standard","meta":{"footnotes":""},"categories":[1],"tags":[],"_links":{"self":[{"href":"https:\/\/turm-lahnstein.de\/index.php?rest_route=\/wp\/v2\/posts\/6246"}],"collection":[{"href":"https:\/\/turm-lahnstein.de\/index.php?rest_route=\/wp\/v2\/posts"}],"about":[{"href":"https:\/\/turm-lahnstein.de\/index.php?rest_route=\/wp\/v2\/types\/post"}],"author":[{"embeddable":true,"href":"https:\/\/turm-lahnstein.de\/index.php?rest_route=\/wp\/v2\/users\/4"}],"replies":[{"embeddable":true,"href":"https:\/\/turm-lahnstein.de\/index.php?rest_route=%2Fwp%2Fv2%2Fcomments&post=6246"}],"version-history":[{"count":6,"href":"https:\/\/turm-lahnstein.de\/index.php?rest_route=\/wp\/v2\/posts\/6246\/revisions"}],"predecessor-version":[{"id":6265,"href":"https:\/\/turm-lahnstein.de\/index.php?rest_route=\/wp\/v2\/posts\/6246\/revisions\/6265"}],"wp:attachment":[{"href":"https:\/\/turm-lahnstein.de\/index.php?rest_route=%2Fwp%2Fv2%2Fmedia&parent=6246"}],"wp:term":[{"taxonomy":"category","embeddable":true,"href":"https:\/\/turm-lahnstein.de\/index.php?rest_route=%2Fwp%2Fv2%2Fcategories&post=6246"},{"taxonomy":"post_tag","embeddable":true,"href":"https:\/\/turm-lahnstein.de\/index.php?rest_route=%2Fwp%2Fv2%2Ftags&post=6246"}],"curies":[{"name":"wp","href":"https:\/\/api.w.org\/{rel}","templated":true}]}}