{"id":619,"date":"2013-06-08T18:40:08","date_gmt":"2013-06-08T18:40:08","guid":{"rendered":"http:\/\/turmlahnstein.wordpress.com\/?p=619"},"modified":"2013-06-08T18:40:08","modified_gmt":"2013-06-08T18:40:08","slug":"dritter-bei-der-6er-u20-sjrp","status":"publish","type":"post","link":"https:\/\/turm-lahnstein.de\/?p=619","title":{"rendered":"Dritter bei der 6er U20 SJRP!"},"content":{"rendered":"<p><img loading=\"lazy\" decoding=\"async\" class=\"alignleft size-full wp-image-622\" alt=\"6erU20sjrp\" src=\"https:\/\/turm-lahnstein.de\/wp-content\/uploads\/2013\/06\/6eru20sjrp.jpg\" width=\"300\" height=\"384\" srcset=\"https:\/\/turm-lahnstein.de\/wp-content\/uploads\/2013\/06\/6eru20sjrp.jpg 300w, https:\/\/turm-lahnstein.de\/wp-content\/uploads\/2013\/06\/6eru20sjrp-234x300.jpg 234w\" sizes=\"(max-width: 300px) 100vw, 300px\" \/>Zum ersten Mal seit 2001 hat sich die 6er U20 von SV Turm Lahnstein f\u00fcr die Rheinland-Pfalz Meisterschaft qualifiziert und schon in der ersten Runde wartete ein Hammergegner auf uns: Der Titelverteidiger aus Heidesheim!<!--more--><\/p>\n<p>&nbsp;<\/p>\n<p>Mit den frischgebackenen Deutschen Meistern Johannes Carow (U18) und Thore Perske (U14) auf den ersten zwei Brettern waren die rheinhessischen Spieler ein haushoher Favorit und haben dies auch mit 6:0 unter Beweis gestellt!<\/p>\n<p>In der zweiten Runde gegen die Mannschaft aus Landau hatten wir uns gewisse Chance ausgerechnet und wirklich holte Markus, der kurzfristig f\u00fcr Adrian eingesprungen ist, sensationell unseren ersten Brettpunkt. Sabrina und Alina hatten noch durchaus Chancen auf volle Punkte und so war sogar\u00a0 ein 3:3\u00a0 drin. Doch die Erfahrung setzte sich durch und am Ende blieb es bei 1:5. Was zwar den letzten aber jedoch dritten Platz in der Endabrechnung bedeutete!<\/p>\n<p>&nbsp;<\/p>\n<p>Ich m\u00f6chte mich bei Bujar, Sabrina, Alina, Nico und Markus bedanken, die Angesicht ihrer \u00fcberm\u00e4chtigen Opposition alles gegeben haben und unseren Verein w\u00fcrdig vertreten haben!<\/p>\n<p><img loading=\"lazy\" decoding=\"async\" class=\"aligncenter size-full wp-image-621\" alt=\"4erU14w\" src=\"https:\/\/turm-lahnstein.de\/wp-content\/uploads\/2013\/06\/4eru14w.jpg\" width=\"600\" height=\"947\" srcset=\"https:\/\/turm-lahnstein.de\/wp-content\/uploads\/2013\/06\/4eru14w.jpg 600w, https:\/\/turm-lahnstein.de\/wp-content\/uploads\/2013\/06\/4eru14w-190x300.jpg 190w\" sizes=\"(max-width: 600px) 100vw, 600px\" \/><\/p>\n<p>Au\u00dferdem wurden unsere M\u00e4dels als einzige 4er U14w Mannschaft geehrt und Peter freute sich besonders \u00fcber den Pokal!<\/p>\n<p><img loading=\"lazy\" decoding=\"async\" class=\"aligncenter size-full wp-image-620\" alt=\"heidesheim_lahnstein\" src=\"https:\/\/turm-lahnstein.de\/wp-content\/uploads\/2013\/06\/heidesheim_lahnstein.jpg\" width=\"611\" height=\"458\" srcset=\"https:\/\/turm-lahnstein.de\/wp-content\/uploads\/2013\/06\/heidesheim_lahnstein.jpg 750w, https:\/\/turm-lahnstein.de\/wp-content\/uploads\/2013\/06\/heidesheim_lahnstein-300x225.jpg 300w\" sizes=\"(max-width: 611px) 100vw, 611px\" \/><\/p>\n<p>Gegen Heidesheim hatten wir kein leichtes Spiel!<\/p>\n<p>&nbsp;<\/p>\n","protected":false},"excerpt":{"rendered":"<p>Zum ersten Mal seit 2001 hat sich die 6er U20 von SV Turm Lahnstein f\u00fcr die Rheinland-Pfalz Meisterschaft qualifiziert und schon in der ersten Runde wartete ein Hammergegner auf uns: [&hellip;]<\/p>\n","protected":false},"author":2,"featured_media":0,"comment_status":"open","ping_status":"open","sticky":false,"template":"","format":"standard","meta":{"footnotes":""},"categories":[25],"tags":[71,28,154,155,156,53,82,78,157],"_links":{"self":[{"href":"https:\/\/turm-lahnstein.de\/index.php?rest_route=\/wp\/v2\/posts\/619"}],"collection":[{"href":"https:\/\/turm-lahnstein.de\/index.php?rest_route=\/wp\/v2\/posts"}],"about":[{"href":"https:\/\/turm-lahnstein.de\/index.php?rest_route=\/wp\/v2\/types\/post"}],"author":[{"embeddable":true,"href":"https:\/\/turm-lahnstein.de\/index.php?rest_route=\/wp\/v2\/users\/2"}],"replies":[{"embeddable":true,"href":"https:\/\/turm-lahnstein.de\/index.php?rest_route=%2Fwp%2Fv2%2Fcomments&post=619"}],"version-history":[{"count":0,"href":"https:\/\/turm-lahnstein.de\/index.php?rest_route=\/wp\/v2\/posts\/619\/revisions"}],"wp:attachment":[{"href":"https:\/\/turm-lahnstein.de\/index.php?rest_route=%2Fwp%2Fv2%2Fmedia&parent=619"}],"wp:term":[{"taxonomy":"category","embeddable":true,"href":"https:\/\/turm-lahnstein.de\/index.php?rest_route=%2Fwp%2Fv2%2Fcategories&post=619"},{"taxonomy":"post_tag","embeddable":true,"href":"https:\/\/turm-lahnstein.de\/index.php?rest_route=%2Fwp%2Fv2%2Ftags&post=619"}],"curies":[{"name":"wp","href":"https:\/\/api.w.org\/{rel}","templated":true}]}}