{"id":6156,"date":"2023-06-21T11:10:26","date_gmt":"2023-06-21T11:10:26","guid":{"rendered":"https:\/\/turm-lahnstein.de\/?p=6156"},"modified":"2023-06-21T11:10:26","modified_gmt":"2023-06-21T11:10:26","slug":"pressebericht-verleihung-der-ehrenmitgliedschaft-an-kurt-sanner","status":"publish","type":"post","link":"https:\/\/turm-lahnstein.de\/?p=6156","title":{"rendered":"Pressebericht: Verleihung der Ehrenmitgliedschaft an Kurt Sanner"},"content":{"rendered":"\n<figure class=\"wp-block-image size-full\"><img loading=\"lazy\" decoding=\"async\" width=\"254\" height=\"248\" src=\"https:\/\/turm-lahnstein.de\/wp-content\/uploads\/2012\/09\/friedhelm_col.jpg\" alt=\"\" class=\"wp-image-68\"\/><\/figure>\n\n\n\n<p>Die Jahreshauptversammlung des Schachvereins Turm Lahnstein war gut besucht. So wurde in einem w\u00fcrdigen Rahmen dem langj\u00e4hrigen Ersten Vorsitzenden Kurt Sanner, der dieses Amt sage und schreibe 29 Jahre inne hatte und nicht mehr kandidierte, die Ehrenmitgliedschaft verliehen. Auch Michael Sefeloge, der ebenfalls \u00fcber drei Jahrzehnte die wichtige Funktion des Turnierleiters ausf\u00fcllte, wurde mit dem herzlichen Dank aller Vereinsmitglieder aus dem Vorstandsamt verabschiedet. Nat\u00fcrlich wurden auch die Ereignisse des vergangenen Spieljahres Revue passieren gelassen und ein ausf\u00fchrlicher Blick auf den Spielbetrieb und sonstige Aktivit\u00e4ten der Zukunft geworfen. Der Lahnsteiner Schachverein sieht sich auf einem guten Weg.<\/p>\n\n\n\n<!--more-->\n\n\n\n<p>Die neue Vorstandsriege setzt sich nach einstimmigen Neuwahlen wie folgt zusammen: 1. Vorsitzender Friedhelm Schneider, 2. Vorsitzender Kurt Sanner, Turnierleiter Michael Linke, Jugendleiter Peter Ley, Kassenwart Hans-Joachim Will, Schriftf\u00fchrerin Sabrina Ley.<\/p>\n","protected":false},"excerpt":{"rendered":"<p>Die Jahreshauptversammlung des Schachvereins Turm Lahnstein war gut besucht. So wurde in einem w\u00fcrdigen Rahmen dem langj\u00e4hrigen Ersten Vorsitzenden Kurt Sanner, der dieses Amt sage und schreibe 29 Jahre inne [&hellip;]<\/p>\n","protected":false},"author":4,"featured_media":0,"comment_status":"open","ping_status":"open","sticky":false,"template":"","format":"standard","meta":{"footnotes":""},"categories":[1],"tags":[],"_links":{"self":[{"href":"https:\/\/turm-lahnstein.de\/index.php?rest_route=\/wp\/v2\/posts\/6156"}],"collection":[{"href":"https:\/\/turm-lahnstein.de\/index.php?rest_route=\/wp\/v2\/posts"}],"about":[{"href":"https:\/\/turm-lahnstein.de\/index.php?rest_route=\/wp\/v2\/types\/post"}],"author":[{"embeddable":true,"href":"https:\/\/turm-lahnstein.de\/index.php?rest_route=\/wp\/v2\/users\/4"}],"replies":[{"embeddable":true,"href":"https:\/\/turm-lahnstein.de\/index.php?rest_route=%2Fwp%2Fv2%2Fcomments&post=6156"}],"version-history":[{"count":1,"href":"https:\/\/turm-lahnstein.de\/index.php?rest_route=\/wp\/v2\/posts\/6156\/revisions"}],"predecessor-version":[{"id":6157,"href":"https:\/\/turm-lahnstein.de\/index.php?rest_route=\/wp\/v2\/posts\/6156\/revisions\/6157"}],"wp:attachment":[{"href":"https:\/\/turm-lahnstein.de\/index.php?rest_route=%2Fwp%2Fv2%2Fmedia&parent=6156"}],"wp:term":[{"taxonomy":"category","embeddable":true,"href":"https:\/\/turm-lahnstein.de\/index.php?rest_route=%2Fwp%2Fv2%2Fcategories&post=6156"},{"taxonomy":"post_tag","embeddable":true,"href":"https:\/\/turm-lahnstein.de\/index.php?rest_route=%2Fwp%2Fv2%2Ftags&post=6156"}],"curies":[{"name":"wp","href":"https:\/\/api.w.org\/{rel}","templated":true}]}}