{"id":6140,"date":"2023-05-31T20:27:04","date_gmt":"2023-05-31T20:27:04","guid":{"rendered":"https:\/\/turm-lahnstein.de\/?p=6140"},"modified":"2023-05-31T20:27:46","modified_gmt":"2023-05-31T20:27:46","slug":"jahreshauptversammlung-des-schachvereins","status":"publish","type":"post","link":"https:\/\/turm-lahnstein.de\/?p=6140","title":{"rendered":"Jahreshauptversammlung des Schachvereins"},"content":{"rendered":"\n<figure class=\"wp-block-image size-full\"><img loading=\"lazy\" decoding=\"async\" width=\"254\" height=\"248\" src=\"https:\/\/turm-lahnstein.de\/wp-content\/uploads\/2012\/09\/friedhelm_col.jpg\" alt=\"\" class=\"wp-image-68\"\/><figcaption><br><br><br><br>Die Mitglieder des Schachvereins Turm Lahnstein sind zur Jahreshauptversammlung am Freitag, 16.06.2023 in die Vereinsr\u00e4ume im Johannes-Gymnasium eingeladen. Ab 19.30 Uhr werden in einer Spielerbesprechung zun\u00e4chst noch offene Fragen f\u00fcr die Meldung der Mannschaften im n\u00e4chsten Spieljahr 2023\/24 gekl\u00e4rt. Ab 20.00 Uhr stehen in der Jahreshauptversammlung neben den\u00a0 aktuellen Berichten und dem Ausblick in die Zukunft auch Ehrungen und Neuwahlen des Vorstandes an. \u00a0<\/figcaption><\/figure>\n","protected":false},"excerpt":{"rendered":"","protected":false},"author":4,"featured_media":0,"comment_status":"open","ping_status":"open","sticky":false,"template":"","format":"standard","meta":{"footnotes":""},"categories":[1],"tags":[],"_links":{"self":[{"href":"https:\/\/turm-lahnstein.de\/index.php?rest_route=\/wp\/v2\/posts\/6140"}],"collection":[{"href":"https:\/\/turm-lahnstein.de\/index.php?rest_route=\/wp\/v2\/posts"}],"about":[{"href":"https:\/\/turm-lahnstein.de\/index.php?rest_route=\/wp\/v2\/types\/post"}],"author":[{"embeddable":true,"href":"https:\/\/turm-lahnstein.de\/index.php?rest_route=\/wp\/v2\/users\/4"}],"replies":[{"embeddable":true,"href":"https:\/\/turm-lahnstein.de\/index.php?rest_route=%2Fwp%2Fv2%2Fcomments&post=6140"}],"version-history":[{"count":2,"href":"https:\/\/turm-lahnstein.de\/index.php?rest_route=\/wp\/v2\/posts\/6140\/revisions"}],"predecessor-version":[{"id":6142,"href":"https:\/\/turm-lahnstein.de\/index.php?rest_route=\/wp\/v2\/posts\/6140\/revisions\/6142"}],"wp:attachment":[{"href":"https:\/\/turm-lahnstein.de\/index.php?rest_route=%2Fwp%2Fv2%2Fmedia&parent=6140"}],"wp:term":[{"taxonomy":"category","embeddable":true,"href":"https:\/\/turm-lahnstein.de\/index.php?rest_route=%2Fwp%2Fv2%2Fcategories&post=6140"},{"taxonomy":"post_tag","embeddable":true,"href":"https:\/\/turm-lahnstein.de\/index.php?rest_route=%2Fwp%2Fv2%2Ftags&post=6140"}],"curies":[{"name":"wp","href":"https:\/\/api.w.org\/{rel}","templated":true}]}}