{"id":611,"date":"2013-06-05T07:32:23","date_gmt":"2013-06-05T07:32:23","guid":{"rendered":"http:\/\/turmlahnstein.wordpress.com\/?p=611"},"modified":"2013-06-05T07:32:23","modified_gmt":"2013-06-05T07:32:23","slug":"lahnsteiner-bei-der-deutschen-jugendmeisterschaft","status":"publish","type":"post","link":"https:\/\/turm-lahnstein.de\/?p=611","title":{"rendered":"Lahnsteiner bei der Deutschen Jugendmeisterschaft"},"content":{"rendered":"<p><img loading=\"lazy\" decoding=\"async\" class=\"alignleft size-thumbnail wp-image-68\" alt=\"friedhelm_col\" src=\"http:\/\/turmlahnstein.files.wordpress.com\/2012\/09\/friedhelm_col.jpg?w=150\" width=\"150\" height=\"146\" \/>Auch in diesem Jahr nahmen drei Vertreter des Schachvereins Turm Lahnstein an den Deutschen Jugendeinzelmeisterschaften in Oberhof\/Th\u00fcringen teil. Die Veranstaltung ist allj\u00e4hrlich ein H\u00f6hepunkt des Schachgeschehens und umfasst mit allen Spielern, Betreuern, Eltern usw. fast tausend Mitwirkende. Hierbei werden nicht nur Turniere gespielt sondern mit vielen Nebenveranstaltungen wird ein einzigartiges Schachfestival f\u00fcr alle Altersklassen auf die Beine gestellt.<!--more--><\/p>\n<p>In der Altersklasse U14 der M\u00e4dchen war Sabrina Ley als Rheinland-Pfalz-Vizemeisterin kurzfristig ins Feld gekommen und startete mit drei Punkten aus vier Partien sehr gut. Im weiteren Verlauf des Turniers gelang ihr dann leider\u00a0 nicht mehr viel, kann aber mit letztlich 3,5 Punkten und dem 18. Platz unter 28 Teilnehmerinnen zufrieden sein.<\/p>\n<p>Im offenen B-Turnier spielte die ebenfalls zw\u00f6lfj\u00e4hrige Alina Usczeck sehr konzentriert, holte zu Beginn sogar 3,5 Punkte aus vier Partien und nur eine Niederlage in der letzten Runde verhinderte eine Platzierung unter den ersten zehn. Auf 5,5 Punkte und dem 18. Platz von 90 Teilnehmern kann sie aber stolz sein. Im Turnier der \u00e4lteren Jugendlichen, dem offenen A.-Turnier zeigte Lukas Usczeck wechselhafte Leistungen und wurde mit vier Punkten und einem 71. Rang unter 105 Teilnehmern etwas unter Wert geschlagen.<\/p>\n","protected":false},"excerpt":{"rendered":"<p>Auch in diesem Jahr nahmen drei Vertreter des Schachvereins Turm Lahnstein an den Deutschen Jugendeinzelmeisterschaften in Oberhof\/Th\u00fcringen teil. Die Veranstaltung ist allj\u00e4hrlich ein H\u00f6hepunkt des Schachgeschehens und umfasst mit allen [&hellip;]<\/p>\n","protected":false},"author":2,"featured_media":0,"comment_status":"open","ping_status":"open","sticky":false,"template":"","format":"standard","meta":{"footnotes":""},"categories":[150,11],"tags":[71,77,78],"_links":{"self":[{"href":"https:\/\/turm-lahnstein.de\/index.php?rest_route=\/wp\/v2\/posts\/611"}],"collection":[{"href":"https:\/\/turm-lahnstein.de\/index.php?rest_route=\/wp\/v2\/posts"}],"about":[{"href":"https:\/\/turm-lahnstein.de\/index.php?rest_route=\/wp\/v2\/types\/post"}],"author":[{"embeddable":true,"href":"https:\/\/turm-lahnstein.de\/index.php?rest_route=\/wp\/v2\/users\/2"}],"replies":[{"embeddable":true,"href":"https:\/\/turm-lahnstein.de\/index.php?rest_route=%2Fwp%2Fv2%2Fcomments&post=611"}],"version-history":[{"count":0,"href":"https:\/\/turm-lahnstein.de\/index.php?rest_route=\/wp\/v2\/posts\/611\/revisions"}],"wp:attachment":[{"href":"https:\/\/turm-lahnstein.de\/index.php?rest_route=%2Fwp%2Fv2%2Fmedia&parent=611"}],"wp:term":[{"taxonomy":"category","embeddable":true,"href":"https:\/\/turm-lahnstein.de\/index.php?rest_route=%2Fwp%2Fv2%2Fcategories&post=611"},{"taxonomy":"post_tag","embeddable":true,"href":"https:\/\/turm-lahnstein.de\/index.php?rest_route=%2Fwp%2Fv2%2Ftags&post=611"}],"curies":[{"name":"wp","href":"https:\/\/api.w.org\/{rel}","templated":true}]}}